{"id":20758,"date":"2021-10-03T11:43:01","date_gmt":"2021-10-03T08:43:01","guid":{"rendered":"https:\/\/www.tsyd.org.tr\/wp\/?p=20758"},"modified":"2021-10-04T18:23:43","modified_gmt":"2021-10-04T15:23:43","slug":"aci-kaybimiz","status":"publish","type":"post","link":"https:\/\/www.tsyd.org.tr\/wp\/?p=20758","title":{"rendered":"ACI KAYBIMIZ ! SA\u0130M ALTUNTER\u0130M&#8217;\u0130 KAYBETT\u0130K"},"content":{"rendered":"\n<p>\u00dcyemiz Saim Altunterim vefat etmi\u015ftir. Merhumun cenazesi bug\u00fcn (3 Ekim Pazar) saat 15.00\u2019de Beylikd\u00fcz\u00fc Fatih Sultan Mehmet Camii\u2019nde k\u0131l\u0131nacak cenaze namaz\u0131ndan sonra Yakuplu Mezarl\u0131\u011f\u0131\u2019nda topra\u011fa verilecektir. Merhuma Allah\u2019tan rahmet, ailesine, sevenlerine ve camiam\u0131za ba\u015fsa\u011fl\u0131\u011f\u0131 dileriz.<\/p>\n\n\n\n<p><strong>T\u00fcrkiye Spor Yazarlar\u0131 Derne\u011fi<\/strong><\/p>\n","protected":false},"excerpt":{"rendered":"<p>\u00dcyemiz Saim Altunterim vefat etmi\u015ftir. Merhumun cenazesi bug\u00fcn (3 Ekim Pazar) saat 15.00\u2019de Beylikd\u00fcz\u00fc Fatih Sultan Mehmet Camii\u2019nde k\u0131l\u0131nacak cenaze namaz\u0131ndan sonra Yakuplu Mezarl\u0131\u011f\u0131\u2019nda topra\u011fa verilecektir. Merhuma Allah\u2019tan rahmet, ailesine, sevenlerine ve camiam\u0131za ba\u015fsa\u011fl\u0131\u011f\u0131 dileriz. T\u00fcrkiye Spor Yazarlar\u0131 Derne\u011fi<\/p>\n","protected":false},"author":9,"featured_media":20769,"comment_status":"closed","ping_status":"closed","sticky":false,"template":"","format":"standard","meta":{"footnotes":""},"categories":[1],"tags":[],"class_list":["post-20758","post","type-post","status-publish","format-standard","has-post-thumbnail","hentry","category-genel"],"acf":[],"_links":{"self":[{"href":"https:\/\/www.tsyd.org.tr\/wp\/index.php?rest_route=\/wp\/v2\/posts\/20758","targetHints":{"allow":["GET"]}}],"collection":[{"href":"https:\/\/www.tsyd.org.tr\/wp\/index.php?rest_route=\/wp\/v2\/posts"}],"about":[{"href":"https:\/\/www.tsyd.org.tr\/wp\/index.php?rest_route=\/wp\/v2\/types\/post"}],"author":[{"embeddable":true,"href":"https:\/\/www.tsyd.org.tr\/wp\/index.php?rest_route=\/wp\/v2\/users\/9"}],"replies":[{"embeddable":true,"href":"https:\/\/www.tsyd.org.tr\/wp\/index.php?rest_route=%2Fwp%2Fv2%2Fcomments&post=20758"}],"version-history":[{"count":2,"href":"https:\/\/www.tsyd.org.tr\/wp\/index.php?rest_route=\/wp\/v2\/posts\/20758\/revisions"}],"predecessor-version":[{"id":20770,"href":"https:\/\/www.tsyd.org.tr\/wp\/index.php?rest_route=\/wp\/v2\/posts\/20758\/revisions\/20770"}],"wp:featuredmedia":[{"embeddable":true,"href":"https:\/\/www.tsyd.org.tr\/wp\/index.php?rest_route=\/wp\/v2\/media\/20769"}],"wp:attachment":[{"href":"https:\/\/www.tsyd.org.tr\/wp\/index.php?rest_route=%2Fwp%2Fv2%2Fmedia&parent=20758"}],"wp:term":[{"taxonomy":"category","embeddable":true,"href":"https:\/\/www.tsyd.org.tr\/wp\/index.php?rest_route=%2Fwp%2Fv2%2Fcategories&post=20758"},{"taxonomy":"post_tag","embeddable":true,"href":"https:\/\/www.tsyd.org.tr\/wp\/index.php?rest_route=%2Fwp%2Fv2%2Ftags&post=20758"}],"curies":[{"name":"wp","href":"https:\/\/api.w.org\/{rel}","templated":true}]}}