{"id":20856,"date":"2021-11-08T10:41:06","date_gmt":"2021-11-08T07:41:06","guid":{"rendered":"https:\/\/www.tsyd.org.tr\/wp\/?p=20856"},"modified":"2021-11-08T10:41:08","modified_gmt":"2021-11-08T07:41:08","slug":"tsyd-bursa-subesi-ile-aktif-hayat-tip-merkezi-arasinda-isbirligi","status":"publish","type":"post","link":"https:\/\/www.tsyd.org.tr\/wp\/?p=20856","title":{"rendered":"TSYD BURSA \u015eUBES\u0130 \u0130LE AKT\u0130F HAYAT TIP MERKEZ\u0130 ARASINDA \u0130\u015eB\u0130RL\u0130\u011e\u0130"},"content":{"rendered":"\n<p><strong>TSYD Bursa \u015eubesi, Aktif Hayat T\u0131p Merkezi ile i\u015fbirli\u011fi anla\u015fmas\u0131 imzalad\u0131. Yap\u0131lan birliktelikle birlikte TSYD Bursa \u015eubesi \u00fcyelerine ve birinci derece (anne, baba, e\u015f, \u00e7ocuk) yak\u0131nlar\u0131na indirimli fiyatlarla sa\u011fl\u0131k hizmeti sunulacak. TSYD Bursa \u015eubesi \u00fcyeleri, kartlar\u0131n\u0131 ibraz ederek indirimden yararlanabilecek.<\/strong><\/p>\n\n\n\n<p>Farkl\u0131 kurum ve kurulu\u015flarla i\u015fbirli\u011fine giden T\u00fcrkiye Spor Yazarlar\u0131 Derne\u011fi (TSYD) Bursa \u015eubesi anla\u015fmalar\u0131na bir yenisini ekledi. 1978 y\u0131l\u0131nda<strong> \u201cpoliklinik\u201d <\/strong>olarak kurulan, 1981 y\u0131l\u0131nda da<strong> \u201chastane\u201d<\/strong> stat\u00fcs\u00fcn\u00fc kazanan Hayat Hastanesi\u2019nin sa\u011fl\u0131k hizmeti kurulu\u015fu olan Aktif Hayat T\u0131p Merkezi ile yap\u0131lan anla\u015fma uyar\u0131nca TSYD Bursa \u015eubesi \u00fcyelerine ve birinci derece (anne, baba, e\u015f, \u00e7ocuk) yak\u0131nlar\u0131na indirimli fiyatlarla sa\u011fl\u0131k hizmeti sunulacak. TSYD Bursa \u015eubesi \u00fcyeleri, kartlar\u0131n\u0131 ibraz ederek indirimden yararlanabilecek.<\/p>\n\n\n\n<p>TSYD Bursa \u015eubesi Sosyal Tesisleri\u2019nde ger\u00e7ekle\u015fen imza t\u00f6reninde, TSYD Bursa \u015eube Ba\u015fkan\u0131 Mehmet Ali Ekmek\u00e7i, Y\u00f6netim Kurulu \u00fcyeleri \u0130kbal Turan, Metin Ara\u00e7 ve Ozan Demir ile Aktif Hayat T\u0131p Merkezi Kurum M\u00fcd\u00fcr\u00fc Emre Erg\u00fcder haz\u0131r bulundu. \u0130\u015fbirli\u011finin her iki taraf i\u00e7in de hay\u0131rl\u0131 olmas\u0131n\u0131 dileyen Ba\u015fkan Ekmek\u00e7i, dernek olarak \u00fcyelerine fayda sa\u011flayacak birlikteliklerin artarak devam edece\u011fini s\u00f6yledi. Emre Erg\u00fcder ise Bursa medyas\u0131na ve Bursa sporuna katk\u0131 sa\u011flamak istediklerini belirterek, yap\u0131lan anla\u015fmadan duyduklar\u0131 memnuniyeti dile getirdi.<\/p>\n\n\n\n<figure class=\"wp-block-image size-full\"><a href=\"https:\/\/www.tsyd.org.tr\/wp\/wp-content\/uploads\/2021\/11\/tsyd1.jpeg\"><img loading=\"lazy\" decoding=\"async\" width=\"821\" height=\"722\" src=\"https:\/\/www.tsyd.org.tr\/wp\/wp-content\/uploads\/2021\/11\/tsyd1.jpeg\" alt=\"\" class=\"wp-image-20857\"\/><\/a><\/figure>\n","protected":false},"excerpt":{"rendered":"<p>TSYD Bursa \u015eubesi, Aktif Hayat T\u0131p Merkezi ile i\u015fbirli\u011fi anla\u015fmas\u0131 imzalad\u0131. Yap\u0131lan birliktelikle birlikte TSYD Bursa \u015eubesi \u00fcyelerine ve birinci derece (anne, baba, e\u015f, \u00e7ocuk) yak\u0131nlar\u0131na indirimli fiyatlarla sa\u011fl\u0131k hizmeti sunulacak. TSYD Bursa \u015eubesi \u00fcyeleri, kartlar\u0131n\u0131 ibraz ederek indirimden yararlanabilecek. Farkl\u0131 kurum ve kurulu\u015flarla i\u015fbirli\u011fine giden T\u00fcrkiye Spor Yazarlar\u0131 Derne\u011fi (TSYD) Bursa \u015eubesi anla\u015fmalar\u0131na bir [&hellip;]<\/p>\n","protected":false},"author":9,"featured_media":20858,"comment_status":"closed","ping_status":"closed","sticky":false,"template":"","format":"standard","meta":{"footnotes":""},"categories":[1],"tags":[389,388,390,351,203,320],"class_list":["post-20856","post","type-post","status-publish","format-standard","has-post-thumbnail","hentry","category-genel","tag-aktif-tip","tag-bursa-spor","tag-isbirligi","tag-spor","tag-tsyd","tag-tsyd-bursa"],"acf":[],"_links":{"self":[{"href":"https:\/\/www.tsyd.org.tr\/wp\/index.php?rest_route=\/wp\/v2\/posts\/20856","targetHints":{"allow":["GET"]}}],"collection":[{"href":"https:\/\/www.tsyd.org.tr\/wp\/index.php?rest_route=\/wp\/v2\/posts"}],"about":[{"href":"https:\/\/www.tsyd.org.tr\/wp\/index.php?rest_route=\/wp\/v2\/types\/post"}],"author":[{"embeddable":true,"href":"https:\/\/www.tsyd.org.tr\/wp\/index.php?rest_route=\/wp\/v2\/users\/9"}],"replies":[{"embeddable":true,"href":"https:\/\/www.tsyd.org.tr\/wp\/index.php?rest_route=%2Fwp%2Fv2%2Fcomments&post=20856"}],"version-history":[{"count":1,"href":"https:\/\/www.tsyd.org.tr\/wp\/index.php?rest_route=\/wp\/v2\/posts\/20856\/revisions"}],"predecessor-version":[{"id":20859,"href":"https:\/\/www.tsyd.org.tr\/wp\/index.php?rest_route=\/wp\/v2\/posts\/20856\/revisions\/20859"}],"wp:featuredmedia":[{"embeddable":true,"href":"https:\/\/www.tsyd.org.tr\/wp\/index.php?rest_route=\/wp\/v2\/media\/20858"}],"wp:attachment":[{"href":"https:\/\/www.tsyd.org.tr\/wp\/index.php?rest_route=%2Fwp%2Fv2%2Fmedia&parent=20856"}],"wp:term":[{"taxonomy":"category","embeddable":true,"href":"https:\/\/www.tsyd.org.tr\/wp\/index.php?rest_route=%2Fwp%2Fv2%2Fcategories&post=20856"},{"taxonomy":"post_tag","embeddable":true,"href":"https:\/\/www.tsyd.org.tr\/wp\/index.php?rest_route=%2Fwp%2Fv2%2Ftags&post=20856"}],"curies":[{"name":"wp","href":"https:\/\/api.w.org\/{rel}","templated":true}]}}