{"id":20925,"date":"2021-11-25T12:50:56","date_gmt":"2021-11-25T09:50:56","guid":{"rendered":"https:\/\/www.tsyd.org.tr\/wp\/?p=20925"},"modified":"2021-11-25T12:50:58","modified_gmt":"2021-11-25T09:50:58","slug":"iyi-parti-teskilatindan-tsyd-ankara-subesine-ziyaret","status":"publish","type":"post","link":"https:\/\/www.tsyd.org.tr\/wp\/?p=20925","title":{"rendered":"\u0130Y\u0130 PART\u0130 TE\u015eK\u0130LATI\u2019NDAN TSYD ANKARA \u015eUBES\u0130\u2019NE Z\u0130YARET"},"content":{"rendered":"\n<p><strong>\u0130Y\u0130 Parti Te\u015fkilat Ba\u015fkan\u0131 ve Ankara Milletvekili Koray Ayd\u0131n, Ankara Milletvekili \u0130brahim Halil Oral, \u0130l Ba\u015fkan\u0131 Yetkin \u00d6zt\u00fcrk, eski Ankara Gen\u00e7lik ve Spor \u0130l M\u00fcd\u00fcr\u00fc Enver Oral ve beraberindeki heyet TSYD Ankara \u015eubesi\u2019ni ziyaret etti.<\/strong><\/p>\n\n\n\n<p>\u0130Y\u0130 Parti heyetini T\u00fcrkiye Spor Yazarlar\u0131 Derne\u011fi (TSYD) Ankara \u015eubesi Ba\u015fkan\u0131 Ercan Ata, Genel Sekreter Adem Altan, Mali \u0130\u015fler Sorumlusu Orhan Kemal Erk\u0131l\u0131\u00e7 ve Y\u00f6netim Kurulu \u00dcyesi Erhan Karada\u011f kar\u015f\u0131lad\u0131.<\/p>\n\n\n\n<p>TSYD Ankara \u015eubesi hakk\u0131nda bilgiler alan \u0130Y\u0130 Partili Koray Ayd\u0131n, dernek \u00e7al\u0131\u015fmalar\u0131nda ba\u015far\u0131lar dilerken; T\u00fcrk sporunu geli\u015ftirecek ortak \u00e7al\u0131\u015fmalar yap\u0131labilece\u011finden s\u00f6z etti.<\/p>\n\n\n\n<p>Ankara Milletvekili \u0130brahim Halil Oral da ba\u015fkent sporuna katk\u0131lar\u0131ndan dolay\u0131 TSYD Ankara \u015eubesi\u2019ne te\u015fekk\u00fcrlerini sundu.<\/p>\n\n\n\n<p>Dernek \u00e7al\u0131\u015fmalar\u0131 hakk\u0131nda bilgi veren ve \u0130Y\u0130 Parti heyetine ziyaretlerinden dolay\u0131 te\u015fekk\u00fcr eden TSYD Ankara \u015eubesi Ba\u015fkan\u0131 Ercan Ata ise y\u00f6netim olarak se\u00e7ildikleri g\u00fcnden bu yana yo\u011fun bir mesai yapt\u0131klar\u0131n\u0131 ifade etti.<\/p>\n\n\n\n<p>Ba\u015fkan Ercan Ata, ziyaretten duydu\u011fu memnuniyeti dile getirdi.<\/p>\n\n\n\n<figure class=\"wp-block-image size-full\"><a href=\"https:\/\/www.tsyd.org.tr\/wp\/wp-content\/uploads\/2021\/11\/IYI-PARTI-FOTO-2.jpg\"><img loading=\"lazy\" decoding=\"async\" width=\"3000\" height=\"2000\" src=\"https:\/\/www.tsyd.org.tr\/wp\/wp-content\/uploads\/2021\/11\/IYI-PARTI-FOTO-2.jpg\" alt=\"\" class=\"wp-image-20927\"\/><\/a><\/figure>\n","protected":false},"excerpt":{"rendered":"<p>\u0130Y\u0130 Parti Te\u015fkilat Ba\u015fkan\u0131 ve Ankara Milletvekili Koray Ayd\u0131n, Ankara Milletvekili \u0130brahim Halil Oral, \u0130l Ba\u015fkan\u0131 Yetkin \u00d6zt\u00fcrk, eski Ankara Gen\u00e7lik ve Spor \u0130l M\u00fcd\u00fcr\u00fc Enver Oral ve beraberindeki heyet TSYD Ankara \u015eubesi\u2019ni ziyaret etti. \u0130Y\u0130 Parti heyetini T\u00fcrkiye Spor Yazarlar\u0131 Derne\u011fi (TSYD) Ankara \u015eubesi Ba\u015fkan\u0131 Ercan Ata, Genel Sekreter Adem Altan, Mali \u0130\u015fler Sorumlusu [&hellip;]<\/p>\n","protected":false},"author":9,"featured_media":20926,"comment_status":"closed","ping_status":"closed","sticky":false,"template":"","format":"standard","meta":{"footnotes":""},"categories":[1],"tags":[413,414,203],"class_list":["post-20925","post","type-post","status-publish","format-standard","has-post-thumbnail","hentry","category-genel","tag-iyi-parti","tag-koray-aydin","tag-tsyd"],"acf":[],"_links":{"self":[{"href":"https:\/\/www.tsyd.org.tr\/wp\/index.php?rest_route=\/wp\/v2\/posts\/20925","targetHints":{"allow":["GET"]}}],"collection":[{"href":"https:\/\/www.tsyd.org.tr\/wp\/index.php?rest_route=\/wp\/v2\/posts"}],"about":[{"href":"https:\/\/www.tsyd.org.tr\/wp\/index.php?rest_route=\/wp\/v2\/types\/post"}],"author":[{"embeddable":true,"href":"https:\/\/www.tsyd.org.tr\/wp\/index.php?rest_route=\/wp\/v2\/users\/9"}],"replies":[{"embeddable":true,"href":"https:\/\/www.tsyd.org.tr\/wp\/index.php?rest_route=%2Fwp%2Fv2%2Fcomments&post=20925"}],"version-history":[{"count":1,"href":"https:\/\/www.tsyd.org.tr\/wp\/index.php?rest_route=\/wp\/v2\/posts\/20925\/revisions"}],"predecessor-version":[{"id":20928,"href":"https:\/\/www.tsyd.org.tr\/wp\/index.php?rest_route=\/wp\/v2\/posts\/20925\/revisions\/20928"}],"wp:featuredmedia":[{"embeddable":true,"href":"https:\/\/www.tsyd.org.tr\/wp\/index.php?rest_route=\/wp\/v2\/media\/20926"}],"wp:attachment":[{"href":"https:\/\/www.tsyd.org.tr\/wp\/index.php?rest_route=%2Fwp%2Fv2%2Fmedia&parent=20925"}],"wp:term":[{"taxonomy":"category","embeddable":true,"href":"https:\/\/www.tsyd.org.tr\/wp\/index.php?rest_route=%2Fwp%2Fv2%2Fcategories&post=20925"},{"taxonomy":"post_tag","embeddable":true,"href":"https:\/\/www.tsyd.org.tr\/wp\/index.php?rest_route=%2Fwp%2Fv2%2Ftags&post=20925"}],"curies":[{"name":"wp","href":"https:\/\/api.w.org\/{rel}","templated":true}]}}