{"id":21063,"date":"2022-01-02T13:44:20","date_gmt":"2022-01-02T10:44:20","guid":{"rendered":"https:\/\/www.tsyd.org.tr\/wp\/?p=21063"},"modified":"2022-01-03T11:03:30","modified_gmt":"2022-01-03T08:03:30","slug":"aci-kaybimiz-hakan-celikbasi-kaybettik","status":"publish","type":"post","link":"https:\/\/www.tsyd.org.tr\/wp\/?p=21063","title":{"rendered":"ACI KAYBIMIZ ! HAKAN \u00c7EL\u0130KBA\u015e\u2019I KAYBETT\u0130K"},"content":{"rendered":"<p class=\"p1\"><span class=\"s1\">Samsunlu \u00fcyemiz sevgili arkada\u015f\u0131m\u0131z Hakan \u00c7elikba\u015f\u2019\u0131 kaybettik. Bir s\u00fcredir tedavi g\u00f6ren ve bu sabah kaybetti\u011fimiz Hakan \u00c7elikba\u015f\u2019\u0131n cenazesi yar\u0131n (3 Ocak Pazartesi) Samsun \u0130lkad\u0131m B\u00fcy\u00fck Camii&#8217;nde k\u0131l\u0131nacak \u00f6\u011fle namaz\u0131ndan sonra Derecik Mezarl\u0131\u011f\u0131\u2019nda topra\u011fa verilecektir.<\/span><\/p>\n<p class=\"p1\"><span class=\"s1\">Merhuma Allah&#8217;tan rahmet, ailesine, sevenlerine ve camiam\u0131za ba\u015f sa\u011fl\u0131\u011f\u0131 dileriz.<\/span><\/p>\n","protected":false},"excerpt":{"rendered":"<p>Samsunlu \u00fcyemiz sevgili arkada\u015f\u0131m\u0131z Hakan \u00c7elikba\u015f\u2019\u0131 kaybettik. Bir s\u00fcredir tedavi g\u00f6ren ve bu sabah kaybetti\u011fimiz Hakan \u00c7elikba\u015f\u2019\u0131n cenazesi yar\u0131n (3 Ocak Pazartesi) Samsun \u0130lkad\u0131m B\u00fcy\u00fck Camii&#8217;nde k\u0131l\u0131nacak \u00f6\u011fle namaz\u0131ndan sonra Derecik Mezarl\u0131\u011f\u0131\u2019nda topra\u011fa verilecektir. Merhuma Allah&#8217;tan rahmet, ailesine, sevenlerine ve camiam\u0131za ba\u015f sa\u011fl\u0131\u011f\u0131 dileriz.<\/p>\n","protected":false},"author":9,"featured_media":21067,"comment_status":"closed","ping_status":"closed","sticky":false,"template":"","format":"standard","meta":{"footnotes":""},"categories":[1],"tags":[439,438],"class_list":["post-21063","post","type-post","status-publish","format-standard","has-post-thumbnail","hentry","category-genel","tag-hakan-celikbas","tag-samsun"],"acf":[],"_links":{"self":[{"href":"https:\/\/www.tsyd.org.tr\/wp\/index.php?rest_route=\/wp\/v2\/posts\/21063","targetHints":{"allow":["GET"]}}],"collection":[{"href":"https:\/\/www.tsyd.org.tr\/wp\/index.php?rest_route=\/wp\/v2\/posts"}],"about":[{"href":"https:\/\/www.tsyd.org.tr\/wp\/index.php?rest_route=\/wp\/v2\/types\/post"}],"author":[{"embeddable":true,"href":"https:\/\/www.tsyd.org.tr\/wp\/index.php?rest_route=\/wp\/v2\/users\/9"}],"replies":[{"embeddable":true,"href":"https:\/\/www.tsyd.org.tr\/wp\/index.php?rest_route=%2Fwp%2Fv2%2Fcomments&post=21063"}],"version-history":[{"count":1,"href":"https:\/\/www.tsyd.org.tr\/wp\/index.php?rest_route=\/wp\/v2\/posts\/21063\/revisions"}],"predecessor-version":[{"id":21066,"href":"https:\/\/www.tsyd.org.tr\/wp\/index.php?rest_route=\/wp\/v2\/posts\/21063\/revisions\/21066"}],"wp:featuredmedia":[{"embeddable":true,"href":"https:\/\/www.tsyd.org.tr\/wp\/index.php?rest_route=\/wp\/v2\/media\/21067"}],"wp:attachment":[{"href":"https:\/\/www.tsyd.org.tr\/wp\/index.php?rest_route=%2Fwp%2Fv2%2Fmedia&parent=21063"}],"wp:term":[{"taxonomy":"category","embeddable":true,"href":"https:\/\/www.tsyd.org.tr\/wp\/index.php?rest_route=%2Fwp%2Fv2%2Fcategories&post=21063"},{"taxonomy":"post_tag","embeddable":true,"href":"https:\/\/www.tsyd.org.tr\/wp\/index.php?rest_route=%2Fwp%2Fv2%2Ftags&post=21063"}],"curies":[{"name":"wp","href":"https:\/\/api.w.org\/{rel}","templated":true}]}}