{"id":21078,"date":"2022-01-03T18:14:30","date_gmt":"2022-01-03T15:14:30","guid":{"rendered":"https:\/\/www.tsyd.org.tr\/wp\/?p=21078"},"modified":"2022-01-03T18:28:11","modified_gmt":"2022-01-03T15:28:11","slug":"caglayandan-kayseriye-ziyaret","status":"publish","type":"post","link":"https:\/\/www.tsyd.org.tr\/wp\/?p=21078","title":{"rendered":"\u00c7A\u011eLAYAN&#8217;DAN KAYSER\u0130&#8217;YE Z\u0130YARET"},"content":{"rendered":"<p>T\u00fcrkiye Spor Yazarlar\u0131 Derne\u011fi (TSYD) \u015eubelerden Sorumlu Y\u00f6neticisi Kemal \u00c7a\u011flayan, Kayseri \u015eubesini ziyaret etti. Toplant\u0131ya TSYD Kayseri \u015eube Ba\u015fkan\u0131 Oktay Ensari ve y\u00f6netim kurulu \u00fcyeleriyle birlikte Kayseri Gazeteciler Cemiyeti (KGC) Ba\u015fkan\u0131 Metin K\u00f6seda\u011f da kat\u0131ld\u0131.<\/p>\n<p>\u015eube \u00e7al\u0131\u015fmalar\u0131, s\u0131k\u0131nt\u0131lar ve \u00f6nerilerin dile getirildi\u011fi toplant\u0131n\u0131n \u00e7ok verimli ge\u00e7ti\u011fini kaydeden TSYD Genel Merkez Y\u00f6neticisi Kemal \u00c7a\u011flayan <strong>&#8220;\u015eubelerimizin daha g\u00fc\u00e7l\u00fc olmas\u0131 i\u00e7in \u00e7abal\u0131yoruz. Genel Ba\u015fkan\u0131m\u0131z O\u011fuz Tongsir g\u00f6reve geldi\u011fi zaman \u015fubelerle g\u00fcce g\u00fc\u00e7 katacaklar\u0131n\u0131 ifade etmi\u015fti. Biz birlikte daha g\u00fc\u00e7l\u00fc ve daha b\u00fcy\u00fc\u011f\u00fcz&#8221;<\/strong> \u015feklinde konu\u015ftu.<\/p>\n<p>TSYD Kayseri \u015eube Ba\u015fkan\u0131 Oktay Ensari de Genel Merkez&#8217;le dirsek temas\u0131 halinde olmaktan duyduklar\u0131 mutlulu\u011fu dile getirdi.<\/p>\n<p><a href=\"https:\/\/www.tsyd.org.tr\/wp\/wp-content\/uploads\/2022\/01\/TSYD-Kayseri-2.jpg\"><img loading=\"lazy\" decoding=\"async\" class=\"alignnone size-full wp-image-21081\" src=\"https:\/\/www.tsyd.org.tr\/wp\/wp-content\/uploads\/2022\/01\/TSYD-Kayseri-2.jpg\" alt=\"\" width=\"1016\" height=\"680\" \/><\/a><\/p>\n<p><a href=\"https:\/\/www.tsyd.org.tr\/wp\/wp-content\/uploads\/2022\/01\/TSYD-Kayseri.jpg\"><img loading=\"lazy\" decoding=\"async\" class=\"alignnone size-full wp-image-21080\" src=\"https:\/\/www.tsyd.org.tr\/wp\/wp-content\/uploads\/2022\/01\/TSYD-Kayseri.jpg\" alt=\"\" width=\"1018\" height=\"682\" \/><\/a><\/p>\n","protected":false},"excerpt":{"rendered":"<p>T\u00fcrkiye Spor Yazarlar\u0131 Derne\u011fi (TSYD) \u015eubelerden Sorumlu Y\u00f6neticisi Kemal \u00c7a\u011flayan, Kayseri \u015eubesini ziyaret etti. Toplant\u0131ya TSYD Kayseri \u015eube Ba\u015fkan\u0131 Oktay Ensari ve y\u00f6netim kurulu \u00fcyeleriyle birlikte Kayseri Gazeteciler Cemiyeti (KGC) Ba\u015fkan\u0131 Metin K\u00f6seda\u011f da kat\u0131ld\u0131. \u015eube \u00e7al\u0131\u015fmalar\u0131, s\u0131k\u0131nt\u0131lar ve \u00f6nerilerin dile getirildi\u011fi toplant\u0131n\u0131n \u00e7ok verimli ge\u00e7ti\u011fini kaydeden TSYD Genel Merkez Y\u00f6neticisi Kemal \u00c7a\u011flayan &#8220;\u015eubelerimizin daha [&hellip;]<\/p>\n","protected":false},"author":9,"featured_media":21079,"comment_status":"closed","ping_status":"closed","sticky":false,"template":"","format":"standard","meta":{"footnotes":""},"categories":[1],"tags":[229,440,203],"class_list":["post-21078","post","type-post","status-publish","format-standard","has-post-thumbnail","hentry","category-genel","tag-kayseri","tag-kayseri-gazeteciler-cemiyeti","tag-tsyd"],"acf":[],"_links":{"self":[{"href":"https:\/\/www.tsyd.org.tr\/wp\/index.php?rest_route=\/wp\/v2\/posts\/21078","targetHints":{"allow":["GET"]}}],"collection":[{"href":"https:\/\/www.tsyd.org.tr\/wp\/index.php?rest_route=\/wp\/v2\/posts"}],"about":[{"href":"https:\/\/www.tsyd.org.tr\/wp\/index.php?rest_route=\/wp\/v2\/types\/post"}],"author":[{"embeddable":true,"href":"https:\/\/www.tsyd.org.tr\/wp\/index.php?rest_route=\/wp\/v2\/users\/9"}],"replies":[{"embeddable":true,"href":"https:\/\/www.tsyd.org.tr\/wp\/index.php?rest_route=%2Fwp%2Fv2%2Fcomments&post=21078"}],"version-history":[{"count":2,"href":"https:\/\/www.tsyd.org.tr\/wp\/index.php?rest_route=\/wp\/v2\/posts\/21078\/revisions"}],"predecessor-version":[{"id":21083,"href":"https:\/\/www.tsyd.org.tr\/wp\/index.php?rest_route=\/wp\/v2\/posts\/21078\/revisions\/21083"}],"wp:featuredmedia":[{"embeddable":true,"href":"https:\/\/www.tsyd.org.tr\/wp\/index.php?rest_route=\/wp\/v2\/media\/21079"}],"wp:attachment":[{"href":"https:\/\/www.tsyd.org.tr\/wp\/index.php?rest_route=%2Fwp%2Fv2%2Fmedia&parent=21078"}],"wp:term":[{"taxonomy":"category","embeddable":true,"href":"https:\/\/www.tsyd.org.tr\/wp\/index.php?rest_route=%2Fwp%2Fv2%2Fcategories&post=21078"},{"taxonomy":"post_tag","embeddable":true,"href":"https:\/\/www.tsyd.org.tr\/wp\/index.php?rest_route=%2Fwp%2Fv2%2Ftags&post=21078"}],"curies":[{"name":"wp","href":"https:\/\/api.w.org\/{rel}","templated":true}]}}