{"id":21465,"date":"2022-04-15T15:24:58","date_gmt":"2022-04-15T12:24:58","guid":{"rendered":"https:\/\/www.tsyd.org.tr\/wp\/?p=21465"},"modified":"2022-04-15T15:24:58","modified_gmt":"2022-04-15T12:24:58","slug":"tsyd-adana-ailesi-iftarda-bulustu","status":"publish","type":"post","link":"https:\/\/www.tsyd.org.tr\/wp\/?p=21465","title":{"rendered":"TSYD ADANA A\u0130LES\u0130 \u0130FTARDA BULU\u015eTU"},"content":{"rendered":"<p>T\u00fcrkiye Spor Yazarlar\u0131 Derne\u011fi (TSYD) Adana \u015eubesi y\u00f6netimi ve \u00fcyeleri spor camias\u0131yla iftar yeme\u011finde bulu\u015ftu.<\/p>\n<p>TSYD Adana \u015eubesi Nihat Geven Tesisleri\u2019nde verilen iftar yeme\u011fine yo\u011fun kat\u0131l\u0131mla yap\u0131ld\u0131. TSYD Adana \u015eubesi Ba\u015fkan\u0131 Kerim Ho\u015ffikirer, bu t\u00fcr etkinliklerin TSYD \u00e7at\u0131s\u0131 alt\u0131nda b\u00fct\u00fcnle\u015fmeyi sa\u011flad\u0131\u011f\u0131n\u0131 belirtti.<\/p>\n<p><a href=\"https:\/\/www.tsyd.org.tr\/wp\/wp-content\/uploads\/2022\/04\/TSYDIFTAR1.jpg\"><img loading=\"lazy\" decoding=\"async\" class=\"alignnone size-large wp-image-21467\" src=\"https:\/\/www.tsyd.org.tr\/wp\/wp-content\/uploads\/2022\/04\/TSYDIFTAR1-1024x678.jpg\" alt=\"\" width=\"640\" height=\"424\" srcset=\"https:\/\/www.tsyd.org.tr\/wp\/wp-content\/uploads\/2022\/04\/TSYDIFTAR1-1024x678.jpg 1024w, https:\/\/www.tsyd.org.tr\/wp\/wp-content\/uploads\/2022\/04\/TSYDIFTAR1-300x199.jpg 300w, https:\/\/www.tsyd.org.tr\/wp\/wp-content\/uploads\/2022\/04\/TSYDIFTAR1-768x508.jpg 768w, https:\/\/www.tsyd.org.tr\/wp\/wp-content\/uploads\/2022\/04\/TSYDIFTAR1-1536x1017.jpg 1536w, https:\/\/www.tsyd.org.tr\/wp\/wp-content\/uploads\/2022\/04\/TSYDIFTAR1-635x420.jpg 635w, https:\/\/www.tsyd.org.tr\/wp\/wp-content\/uploads\/2022\/04\/TSYDIFTAR1-640x424.jpg 640w, https:\/\/www.tsyd.org.tr\/wp\/wp-content\/uploads\/2022\/04\/TSYDIFTAR1-681x451.jpg 681w, https:\/\/www.tsyd.org.tr\/wp\/wp-content\/uploads\/2022\/04\/TSYDIFTAR1.jpg 1600w\" sizes=\"auto, (max-width: 640px) 100vw, 640px\" \/><\/a><\/p>\n<p><a href=\"https:\/\/www.tsyd.org.tr\/wp\/wp-content\/uploads\/2022\/04\/TSYDIFTAR2.jpg\"><img loading=\"lazy\" decoding=\"async\" class=\"alignnone size-large wp-image-21468\" src=\"https:\/\/www.tsyd.org.tr\/wp\/wp-content\/uploads\/2022\/04\/TSYDIFTAR2-1024x678.jpg\" alt=\"\" width=\"640\" height=\"424\" srcset=\"https:\/\/www.tsyd.org.tr\/wp\/wp-content\/uploads\/2022\/04\/TSYDIFTAR2-1024x678.jpg 1024w, https:\/\/www.tsyd.org.tr\/wp\/wp-content\/uploads\/2022\/04\/TSYDIFTAR2-300x199.jpg 300w, https:\/\/www.tsyd.org.tr\/wp\/wp-content\/uploads\/2022\/04\/TSYDIFTAR2-768x508.jpg 768w, https:\/\/www.tsyd.org.tr\/wp\/wp-content\/uploads\/2022\/04\/TSYDIFTAR2-1536x1017.jpg 1536w, https:\/\/www.tsyd.org.tr\/wp\/wp-content\/uploads\/2022\/04\/TSYDIFTAR2-635x420.jpg 635w, https:\/\/www.tsyd.org.tr\/wp\/wp-content\/uploads\/2022\/04\/TSYDIFTAR2-640x424.jpg 640w, https:\/\/www.tsyd.org.tr\/wp\/wp-content\/uploads\/2022\/04\/TSYDIFTAR2-681x451.jpg 681w, https:\/\/www.tsyd.org.tr\/wp\/wp-content\/uploads\/2022\/04\/TSYDIFTAR2.jpg 1600w\" sizes=\"auto, (max-width: 640px) 100vw, 640px\" \/><\/a><\/p>\n<p><a href=\"https:\/\/www.tsyd.org.tr\/wp\/wp-content\/uploads\/2022\/04\/TSYDIFTAR4.jpg\"><img loading=\"lazy\" decoding=\"async\" class=\"alignnone size-large wp-image-21469\" src=\"https:\/\/www.tsyd.org.tr\/wp\/wp-content\/uploads\/2022\/04\/TSYDIFTAR4-1024x678.jpg\" alt=\"\" width=\"640\" height=\"424\" srcset=\"https:\/\/www.tsyd.org.tr\/wp\/wp-content\/uploads\/2022\/04\/TSYDIFTAR4-1024x678.jpg 1024w, https:\/\/www.tsyd.org.tr\/wp\/wp-content\/uploads\/2022\/04\/TSYDIFTAR4-300x199.jpg 300w, https:\/\/www.tsyd.org.tr\/wp\/wp-content\/uploads\/2022\/04\/TSYDIFTAR4-768x508.jpg 768w, https:\/\/www.tsyd.org.tr\/wp\/wp-content\/uploads\/2022\/04\/TSYDIFTAR4-1536x1017.jpg 1536w, https:\/\/www.tsyd.org.tr\/wp\/wp-content\/uploads\/2022\/04\/TSYDIFTAR4-635x420.jpg 635w, https:\/\/www.tsyd.org.tr\/wp\/wp-content\/uploads\/2022\/04\/TSYDIFTAR4-640x424.jpg 640w, https:\/\/www.tsyd.org.tr\/wp\/wp-content\/uploads\/2022\/04\/TSYDIFTAR4-681x451.jpg 681w, https:\/\/www.tsyd.org.tr\/wp\/wp-content\/uploads\/2022\/04\/TSYDIFTAR4.jpg 1600w\" sizes=\"auto, (max-width: 640px) 100vw, 640px\" \/><\/a><\/p>\n","protected":false},"excerpt":{"rendered":"<p>T\u00fcrkiye Spor Yazarlar\u0131 Derne\u011fi (TSYD) Adana \u015eubesi y\u00f6netimi ve \u00fcyeleri spor camias\u0131yla iftar yeme\u011finde bulu\u015ftu. TSYD Adana \u015eubesi Nihat Geven Tesisleri\u2019nde verilen iftar yeme\u011fine yo\u011fun kat\u0131l\u0131mla yap\u0131ld\u0131. TSYD Adana \u015eubesi Ba\u015fkan\u0131 Kerim Ho\u015ffikirer, bu t\u00fcr etkinliklerin TSYD \u00e7at\u0131s\u0131 alt\u0131nda b\u00fct\u00fcnle\u015fmeyi sa\u011flad\u0131\u011f\u0131n\u0131 belirtti.<\/p>\n","protected":false},"author":9,"featured_media":21466,"comment_status":"closed","ping_status":"closed","sticky":false,"template":"","format":"standard","meta":{"footnotes":""},"categories":[1],"tags":[343,465,203,344,466],"class_list":["post-21465","post","type-post","status-publish","format-standard","has-post-thumbnail","hentry","category-genel","tag-adana","tag-iftar","tag-tsyd","tag-tsyd-adana","tag-yemek"],"acf":[],"_links":{"self":[{"href":"https:\/\/www.tsyd.org.tr\/wp\/index.php?rest_route=\/wp\/v2\/posts\/21465","targetHints":{"allow":["GET"]}}],"collection":[{"href":"https:\/\/www.tsyd.org.tr\/wp\/index.php?rest_route=\/wp\/v2\/posts"}],"about":[{"href":"https:\/\/www.tsyd.org.tr\/wp\/index.php?rest_route=\/wp\/v2\/types\/post"}],"author":[{"embeddable":true,"href":"https:\/\/www.tsyd.org.tr\/wp\/index.php?rest_route=\/wp\/v2\/users\/9"}],"replies":[{"embeddable":true,"href":"https:\/\/www.tsyd.org.tr\/wp\/index.php?rest_route=%2Fwp%2Fv2%2Fcomments&post=21465"}],"version-history":[{"count":1,"href":"https:\/\/www.tsyd.org.tr\/wp\/index.php?rest_route=\/wp\/v2\/posts\/21465\/revisions"}],"predecessor-version":[{"id":21470,"href":"https:\/\/www.tsyd.org.tr\/wp\/index.php?rest_route=\/wp\/v2\/posts\/21465\/revisions\/21470"}],"wp:featuredmedia":[{"embeddable":true,"href":"https:\/\/www.tsyd.org.tr\/wp\/index.php?rest_route=\/wp\/v2\/media\/21466"}],"wp:attachment":[{"href":"https:\/\/www.tsyd.org.tr\/wp\/index.php?rest_route=%2Fwp%2Fv2%2Fmedia&parent=21465"}],"wp:term":[{"taxonomy":"category","embeddable":true,"href":"https:\/\/www.tsyd.org.tr\/wp\/index.php?rest_route=%2Fwp%2Fv2%2Fcategories&post=21465"},{"taxonomy":"post_tag","embeddable":true,"href":"https:\/\/www.tsyd.org.tr\/wp\/index.php?rest_route=%2Fwp%2Fv2%2Ftags&post=21465"}],"curies":[{"name":"wp","href":"https:\/\/api.w.org\/{rel}","templated":true}]}}