{"id":21545,"date":"2022-04-29T16:42:27","date_gmt":"2022-04-29T13:42:27","guid":{"rendered":"https:\/\/www.tsyd.org.tr\/wp\/?p=21545"},"modified":"2022-04-30T10:24:47","modified_gmt":"2022-04-30T07:24:47","slug":"tsyd-konya-uyeleri-iftarda-bulustu","status":"publish","type":"post","link":"https:\/\/www.tsyd.org.tr\/wp\/?p=21545","title":{"rendered":"TSYD KONYA \u00dcYELER\u0130 \u0130FTARDA BULU\u015eTU"},"content":{"rendered":"<p>T\u00fcrkiye Spor Yazarlar\u0131 Derne\u011fi (TSYD) Konya \u015eubesi \u00fcyeleri, d\u00fczenlenen iftar yeme\u011finde bulu\u015ftu. Yemekte derne\u011fe yeni \u00fcye olanlar\u0131n rozetleri de tak\u0131ld\u0131.<\/p>\n<p>\u0130ftar yeme\u011fine TSYD Genel Ba\u015fkan Yard\u0131mc\u0131s\u0131 Recep \u00c7\u0131nar, Konya Gazeteciler Ba\u015fkan\u0131 Sefa \u00d6zdemir, TSYD Konya \u015eube Ba\u015fkan\u0131 Murat D\u00f6nmez, y\u00f6netim kurulu \u00fcyeleri ve Konya \u015eubesi \u00fcyeleri kat\u0131ld\u0131.<\/p>\n<p>\u0130ftar yeme\u011fi \u00f6ncesinde konu\u015fan TSYD Konya \u015eube Ba\u015fkan\u0131 Murat D\u00f6nmez, Pandemi nedeniyle 2 y\u0131ll\u0131k bir aran\u0131n ard\u0131ndan bir araya gelmenin mutlulu\u011funu ya\u015fad\u0131klar\u0131n\u0131 an\u0131msatt\u0131.<\/p>\n<p>TSYD Konya \u015eube Ba\u015fkan\u0131 Murat D\u00f6nmez, yeme\u011fin ard\u0131ndan, Konya \u015eubesine desteklerini esirgemeyen ARD Grup Y\u00f6netim Kurulu Ba\u015fkan\u0131 Ali R\u0131za Dolapo\u011flu&#8217;na te\u015fekk\u00fcr plaketi verdi. Ayr\u0131ca yeni \u00fcye olanlar\u0131n rozetleri TSYD Genel Ba\u015fkan Yard\u0131mc\u0131s\u0131 Recep \u00c7\u0131nar, Konya Gazeteciler Ba\u015fkan\u0131 Sefa \u00d6zdemir, TSYD Konya \u015eube Ba\u015fkan\u0131 Murat D\u00f6nmez ve y\u00f6netim kurulu \u00fcyeleri taraf\u0131ndan tak\u0131ld\u0131.<\/p>\n<p><a href=\"https:\/\/www.tsyd.org.tr\/wp\/wp-content\/uploads\/2022\/04\/0A76E060-ABDB-49DC-B02B-02C635C5853D.jpeg\"><img loading=\"lazy\" decoding=\"async\" class=\"alignnone size-large wp-image-21550\" src=\"https:\/\/www.tsyd.org.tr\/wp\/wp-content\/uploads\/2022\/04\/0A76E060-ABDB-49DC-B02B-02C635C5853D-1024x682.jpeg\" alt=\"\" width=\"640\" height=\"426\" srcset=\"https:\/\/www.tsyd.org.tr\/wp\/wp-content\/uploads\/2022\/04\/0A76E060-ABDB-49DC-B02B-02C635C5853D-1024x682.jpeg 1024w, https:\/\/www.tsyd.org.tr\/wp\/wp-content\/uploads\/2022\/04\/0A76E060-ABDB-49DC-B02B-02C635C5853D-300x200.jpeg 300w, https:\/\/www.tsyd.org.tr\/wp\/wp-content\/uploads\/2022\/04\/0A76E060-ABDB-49DC-B02B-02C635C5853D-768x512.jpeg 768w, https:\/\/www.tsyd.org.tr\/wp\/wp-content\/uploads\/2022\/04\/0A76E060-ABDB-49DC-B02B-02C635C5853D-1536x1023.jpeg 1536w, https:\/\/www.tsyd.org.tr\/wp\/wp-content\/uploads\/2022\/04\/0A76E060-ABDB-49DC-B02B-02C635C5853D-630x420.jpeg 630w, https:\/\/www.tsyd.org.tr\/wp\/wp-content\/uploads\/2022\/04\/0A76E060-ABDB-49DC-B02B-02C635C5853D-640x426.jpeg 640w, https:\/\/www.tsyd.org.tr\/wp\/wp-content\/uploads\/2022\/04\/0A76E060-ABDB-49DC-B02B-02C635C5853D-681x454.jpeg 681w, https:\/\/www.tsyd.org.tr\/wp\/wp-content\/uploads\/2022\/04\/0A76E060-ABDB-49DC-B02B-02C635C5853D.jpeg 1600w\" sizes=\"auto, (max-width: 640px) 100vw, 640px\" \/><\/a><\/p>\n<p><a href=\"https:\/\/www.tsyd.org.tr\/wp\/wp-content\/uploads\/2022\/04\/TSYD-Konya-Iftar11.jpg\"><img loading=\"lazy\" decoding=\"async\" class=\"alignnone size-large wp-image-21547\" src=\"https:\/\/www.tsyd.org.tr\/wp\/wp-content\/uploads\/2022\/04\/TSYD-Konya-Iftar11-1024x673.jpg\" alt=\"\" width=\"640\" height=\"421\" srcset=\"https:\/\/www.tsyd.org.tr\/wp\/wp-content\/uploads\/2022\/04\/TSYD-Konya-Iftar11-1024x673.jpg 1024w, https:\/\/www.tsyd.org.tr\/wp\/wp-content\/uploads\/2022\/04\/TSYD-Konya-Iftar11-300x197.jpg 300w, https:\/\/www.tsyd.org.tr\/wp\/wp-content\/uploads\/2022\/04\/TSYD-Konya-Iftar11-768x505.jpg 768w, https:\/\/www.tsyd.org.tr\/wp\/wp-content\/uploads\/2022\/04\/TSYD-Konya-Iftar11-639x420.jpg 639w, https:\/\/www.tsyd.org.tr\/wp\/wp-content\/uploads\/2022\/04\/TSYD-Konya-Iftar11-640x421.jpg 640w, https:\/\/www.tsyd.org.tr\/wp\/wp-content\/uploads\/2022\/04\/TSYD-Konya-Iftar11-681x448.jpg 681w, https:\/\/www.tsyd.org.tr\/wp\/wp-content\/uploads\/2022\/04\/TSYD-Konya-Iftar11.jpg 1372w\" sizes=\"auto, (max-width: 640px) 100vw, 640px\" \/><\/a><\/p>\n<p><a href=\"https:\/\/www.tsyd.org.tr\/wp\/wp-content\/uploads\/2022\/04\/TSYD-Konya-Rozet.jpg\"><img loading=\"lazy\" decoding=\"async\" class=\"alignnone size-full wp-image-21548\" src=\"https:\/\/www.tsyd.org.tr\/wp\/wp-content\/uploads\/2022\/04\/TSYD-Konya-Rozet.jpg\" alt=\"\" width=\"910\" height=\"913\" srcset=\"https:\/\/www.tsyd.org.tr\/wp\/wp-content\/uploads\/2022\/04\/TSYD-Konya-Rozet.jpg 910w, https:\/\/www.tsyd.org.tr\/wp\/wp-content\/uploads\/2022\/04\/TSYD-Konya-Rozet-300x300.jpg 300w, https:\/\/www.tsyd.org.tr\/wp\/wp-content\/uploads\/2022\/04\/TSYD-Konya-Rozet-150x150.jpg 150w, https:\/\/www.tsyd.org.tr\/wp\/wp-content\/uploads\/2022\/04\/TSYD-Konya-Rozet-768x771.jpg 768w, https:\/\/www.tsyd.org.tr\/wp\/wp-content\/uploads\/2022\/04\/TSYD-Konya-Rozet-419x420.jpg 419w, https:\/\/www.tsyd.org.tr\/wp\/wp-content\/uploads\/2022\/04\/TSYD-Konya-Rozet-640x642.jpg 640w, https:\/\/www.tsyd.org.tr\/wp\/wp-content\/uploads\/2022\/04\/TSYD-Konya-Rozet-681x683.jpg 681w\" sizes=\"auto, (max-width: 910px) 100vw, 910px\" \/><\/a><\/p>\n","protected":false},"excerpt":{"rendered":"<p>T\u00fcrkiye Spor Yazarlar\u0131 Derne\u011fi (TSYD) Konya \u015eubesi \u00fcyeleri, d\u00fczenlenen iftar yeme\u011finde bulu\u015ftu. Yemekte derne\u011fe yeni \u00fcye olanlar\u0131n rozetleri de tak\u0131ld\u0131. \u0130ftar yeme\u011fine TSYD Genel Ba\u015fkan Yard\u0131mc\u0131s\u0131 Recep \u00c7\u0131nar, Konya Gazeteciler Ba\u015fkan\u0131 Sefa \u00d6zdemir, TSYD Konya \u015eube Ba\u015fkan\u0131 Murat D\u00f6nmez, y\u00f6netim kurulu \u00fcyeleri ve Konya \u015eubesi \u00fcyeleri kat\u0131ld\u0131. \u0130ftar yeme\u011fi \u00f6ncesinde konu\u015fan TSYD Konya \u015eube Ba\u015fkan\u0131 [&hellip;]<\/p>\n","protected":false},"author":9,"featured_media":21546,"comment_status":"closed","ping_status":"closed","sticky":false,"template":"","format":"standard","meta":{"footnotes":""},"categories":[1],"tags":[465,203,283],"class_list":["post-21545","post","type-post","status-publish","format-standard","has-post-thumbnail","hentry","category-genel","tag-iftar","tag-tsyd","tag-tsyd-konya"],"acf":[],"_links":{"self":[{"href":"https:\/\/www.tsyd.org.tr\/wp\/index.php?rest_route=\/wp\/v2\/posts\/21545","targetHints":{"allow":["GET"]}}],"collection":[{"href":"https:\/\/www.tsyd.org.tr\/wp\/index.php?rest_route=\/wp\/v2\/posts"}],"about":[{"href":"https:\/\/www.tsyd.org.tr\/wp\/index.php?rest_route=\/wp\/v2\/types\/post"}],"author":[{"embeddable":true,"href":"https:\/\/www.tsyd.org.tr\/wp\/index.php?rest_route=\/wp\/v2\/users\/9"}],"replies":[{"embeddable":true,"href":"https:\/\/www.tsyd.org.tr\/wp\/index.php?rest_route=%2Fwp%2Fv2%2Fcomments&post=21545"}],"version-history":[{"count":3,"href":"https:\/\/www.tsyd.org.tr\/wp\/index.php?rest_route=\/wp\/v2\/posts\/21545\/revisions"}],"predecessor-version":[{"id":21552,"href":"https:\/\/www.tsyd.org.tr\/wp\/index.php?rest_route=\/wp\/v2\/posts\/21545\/revisions\/21552"}],"wp:featuredmedia":[{"embeddable":true,"href":"https:\/\/www.tsyd.org.tr\/wp\/index.php?rest_route=\/wp\/v2\/media\/21546"}],"wp:attachment":[{"href":"https:\/\/www.tsyd.org.tr\/wp\/index.php?rest_route=%2Fwp%2Fv2%2Fmedia&parent=21545"}],"wp:term":[{"taxonomy":"category","embeddable":true,"href":"https:\/\/www.tsyd.org.tr\/wp\/index.php?rest_route=%2Fwp%2Fv2%2Fcategories&post=21545"},{"taxonomy":"post_tag","embeddable":true,"href":"https:\/\/www.tsyd.org.tr\/wp\/index.php?rest_route=%2Fwp%2Fv2%2Ftags&post=21545"}],"curies":[{"name":"wp","href":"https:\/\/api.w.org\/{rel}","templated":true}]}}