{"id":21610,"date":"2022-05-18T18:14:36","date_gmt":"2022-05-18T15:14:36","guid":{"rendered":"https:\/\/www.tsyd.org.tr\/wp\/?p=21610"},"modified":"2022-05-18T18:14:36","modified_gmt":"2022-05-18T15:14:36","slug":"iyi-partiden-tsyd-adanaya-hayirli-olsun-ziyareti","status":"publish","type":"post","link":"https:\/\/www.tsyd.org.tr\/wp\/?p=21610","title":{"rendered":"\u0130Y\u0130 PART\u0130\u2019DEN TSYD ADANA\u2019YA \u2018HAYIRLI OLSUN\u2019 Z\u0130YARET\u0130"},"content":{"rendered":"<p style=\"font-weight: 400;\"><strong>\u0130Y\u0130 Parti Adana \u0130l Y\u00f6netim Kurulu, TSYD Adana \u015eube Y\u00f6netim Kurulu\u2019nu ziyaret ederek \u2018Hay\u0131rl\u0131 Olsun\u2019 dedi. S\u00f6z konusu ziyarette, Adana sporu i\u00e7in fikir al\u0131\u015fveri\u015finde bulunuldu.<\/strong><\/p>\n<p style=\"font-weight: 400;\">T\u00fcrkiye Spor Yazarlar\u0131 Derne\u011fi (TSYD) Adana \u015eubesi, \u0130Y\u0130 Parti Adana \u0130l Y\u00f6netim Kurulu\u2019nu a\u011f\u0131rlad\u0131. \u0130Y\u0130 Parti \u0130l Ba\u015fkan Yard\u0131mc\u0131s\u0131 Ercan Atalay ve Y\u00f6netim Kurulu\u2019nun kat\u0131ld\u0131\u011f\u0131 ziyarette, Adana sporu i\u00e7in fikir al\u0131\u015fveri\u015finde bulunuldu. Ayn\u0131 zamanda Parti Sivil Toplum Kurulu\u015flar\u0131 Ba\u015fkan\u0131 da olan Ercan Atalay, Adana sporunun son d\u00f6nemlerde bir at\u0131l\u0131m i\u00e7erisinde oldu\u011funu belirtirken, dernek \u00e7al\u0131\u015fmalar\u0131 hakk\u0131nda da bilgi ald\u0131.<\/p>\n<p style=\"font-weight: 400;\">TSYD Adana \u015eube Ba\u015fkan\u0131 Kerim Ho\u015ffikirer de y\u00f6netim kurulu olarak TSYD bayra\u011f\u0131n\u0131 daha da yukar\u0131 ta\u015f\u0131mak i\u00e7in g\u00f6reve geldiklerini <strong>kaydederek, \u201cBiz birlikte hareket ederek birlikte g\u00fc\u00e7l\u00fc olaca\u011f\u0131z. Derne\u011fi ben de\u011fil biz y\u00f6netece\u011fiz\u201d<\/strong> dedi.<\/p>\n","protected":false},"excerpt":{"rendered":"<p>\u0130Y\u0130 Parti Adana \u0130l Y\u00f6netim Kurulu, TSYD Adana \u015eube Y\u00f6netim Kurulu\u2019nu ziyaret ederek \u2018Hay\u0131rl\u0131 Olsun\u2019 dedi. S\u00f6z konusu ziyarette, Adana sporu i\u00e7in fikir al\u0131\u015fveri\u015finde bulunuldu. T\u00fcrkiye Spor Yazarlar\u0131 Derne\u011fi (TSYD) Adana \u015eubesi, \u0130Y\u0130 Parti Adana \u0130l Y\u00f6netim Kurulu\u2019nu a\u011f\u0131rlad\u0131. \u0130Y\u0130 Parti \u0130l Ba\u015fkan Yard\u0131mc\u0131s\u0131 Ercan Atalay ve Y\u00f6netim Kurulu\u2019nun kat\u0131ld\u0131\u011f\u0131 ziyarette, Adana sporu i\u00e7in fikir [&hellip;]<\/p>\n","protected":false},"author":9,"featured_media":21611,"comment_status":"closed","ping_status":"closed","sticky":false,"template":"","format":"standard","meta":{"footnotes":""},"categories":[1],"tags":[343,413,344,350],"class_list":["post-21610","post","type-post","status-publish","format-standard","has-post-thumbnail","hentry","category-genel","tag-adana","tag-iyi-parti","tag-tsyd-adana","tag-ziyaret"],"acf":[],"_links":{"self":[{"href":"https:\/\/www.tsyd.org.tr\/wp\/index.php?rest_route=\/wp\/v2\/posts\/21610","targetHints":{"allow":["GET"]}}],"collection":[{"href":"https:\/\/www.tsyd.org.tr\/wp\/index.php?rest_route=\/wp\/v2\/posts"}],"about":[{"href":"https:\/\/www.tsyd.org.tr\/wp\/index.php?rest_route=\/wp\/v2\/types\/post"}],"author":[{"embeddable":true,"href":"https:\/\/www.tsyd.org.tr\/wp\/index.php?rest_route=\/wp\/v2\/users\/9"}],"replies":[{"embeddable":true,"href":"https:\/\/www.tsyd.org.tr\/wp\/index.php?rest_route=%2Fwp%2Fv2%2Fcomments&post=21610"}],"version-history":[{"count":1,"href":"https:\/\/www.tsyd.org.tr\/wp\/index.php?rest_route=\/wp\/v2\/posts\/21610\/revisions"}],"predecessor-version":[{"id":21612,"href":"https:\/\/www.tsyd.org.tr\/wp\/index.php?rest_route=\/wp\/v2\/posts\/21610\/revisions\/21612"}],"wp:featuredmedia":[{"embeddable":true,"href":"https:\/\/www.tsyd.org.tr\/wp\/index.php?rest_route=\/wp\/v2\/media\/21611"}],"wp:attachment":[{"href":"https:\/\/www.tsyd.org.tr\/wp\/index.php?rest_route=%2Fwp%2Fv2%2Fmedia&parent=21610"}],"wp:term":[{"taxonomy":"category","embeddable":true,"href":"https:\/\/www.tsyd.org.tr\/wp\/index.php?rest_route=%2Fwp%2Fv2%2Fcategories&post=21610"},{"taxonomy":"post_tag","embeddable":true,"href":"https:\/\/www.tsyd.org.tr\/wp\/index.php?rest_route=%2Fwp%2Fv2%2Ftags&post=21610"}],"curies":[{"name":"wp","href":"https:\/\/api.w.org\/{rel}","templated":true}]}}