{"id":21656,"date":"2022-05-29T18:07:05","date_gmt":"2022-05-29T15:07:05","guid":{"rendered":"https:\/\/www.tsyd.org.tr\/wp\/?p=21656"},"modified":"2022-06-07T16:58:44","modified_gmt":"2022-06-07T13:58:44","slug":"tsyd-bursa-genclik-kupasinda-heyecan-basladi","status":"publish","type":"post","link":"https:\/\/www.tsyd.org.tr\/wp\/?p=21656","title":{"rendered":"TSYD BURSA GEN\u00c7L\u0130K KUPASI&#8217;NDA HEYECAN BA\u015eLADI"},"content":{"rendered":"<p class=\"p1\"><strong><span class=\"s1\">T\u00fcrkiye Spor Yazarlar\u0131 Derne\u011fi (TSYD) Bursa \u015eubesi\u2019nin ger\u00e7ekle\u015ftirdi\u011fi 19 May\u0131s Gen\u00e7lik Kupas\u0131\u2019nda heyecan ba\u015flad\u0131. \u0130lk g\u00fcn kar\u015f\u0131la\u015fmalar\u0131 b\u00fcy\u00fck co\u015fkuya sahne olurken, centilmenlik \u00f6n plandayd\u0131.<\/span><\/strong><\/p>\n<p class=\"p1\"><span class=\"s1\">TSYD Bursa \u015eubesi\u2019nin hayata ge\u00e7irdi\u011fi Gen\u00e7lik Kupas\u0131\u2019nda \u015f\u00f6len resmen start ald\u0131. Dikkald\u0131r\u0131m Spor Tesisleri\u2019nde d\u00fczenlenen organizasyona TSYD Bursa \u015eube Ba\u015fkan\u0131 Mehmet Ali Ekmek\u00e7i, organizasyon sorumlusu Mehmet \u015eengeldi, tak\u0131m temsilcileri ile aileler kat\u0131ld\u0131.<\/span><\/p>\n<p class=\"p1\"><strong><span class=\"s1\">GEN\u00c7L\u0130K ATE\u015e\u0130 YANDI<\/span><\/strong><\/p>\n<p class=\"p1\"><span class=\"s1\">Kar\u015f\u0131la\u015fmalar \u00f6ncesinde dostluk r\u00fczgarlar\u0131 esti. Sporculara ba\u015far\u0131lar dileyen TSYD Bursa \u015eube Ba\u015fkan\u0131 Mehmet Ali Ekmek\u00e7i, dernek olarak ama\u00e7lar\u0131n\u0131n gen\u00e7lerin daha fazla spor yapmas\u0131 i\u00e7in \u00e7al\u0131\u015fmak oldu\u011funu kaydederken, <strong>\u201cBursa\u2019n\u0131n ciddi bir potansiyeli var. Bu tarz organizasyonlarla birlikte bunu geni\u015f kitlelere yaymay\u0131 hedefliyoruz. Destek\u00e7imiz olan B\u00fcy\u00fck\u015fehir Belediyesi\u2019ne de te\u015fekk\u00fcrlerimizi iletiyoruz\u201d<\/strong> a\u00e7\u0131klamas\u0131nda bulundu.<\/span><\/p>\n<p>B ve C Grubu kar\u015f\u0131la\u015fmalar\u0131 ile final grubu ma\u00e7lar\u0131 ise 4-5 Haziran tarihlerinde Dikkald\u0131r\u0131m Spor Tesisleri&#8217;nde oynanacak.<\/p>\n<p><a href=\"https:\/\/www.tsyd.org.tr\/wp\/wp-content\/uploads\/2022\/05\/50E7825E-0BFF-4586-9775-C69D263E8BF9.jpeg\"><img loading=\"lazy\" decoding=\"async\" class=\"alignnone size-large wp-image-21658\" src=\"https:\/\/www.tsyd.org.tr\/wp\/wp-content\/uploads\/2022\/05\/50E7825E-0BFF-4586-9775-C69D263E8BF9-1024x768.jpeg\" alt=\"\" width=\"640\" height=\"480\" srcset=\"https:\/\/www.tsyd.org.tr\/wp\/wp-content\/uploads\/2022\/05\/50E7825E-0BFF-4586-9775-C69D263E8BF9-1024x768.jpeg 1024w, https:\/\/www.tsyd.org.tr\/wp\/wp-content\/uploads\/2022\/05\/50E7825E-0BFF-4586-9775-C69D263E8BF9-300x225.jpeg 300w, https:\/\/www.tsyd.org.tr\/wp\/wp-content\/uploads\/2022\/05\/50E7825E-0BFF-4586-9775-C69D263E8BF9-768x576.jpeg 768w, https:\/\/www.tsyd.org.tr\/wp\/wp-content\/uploads\/2022\/05\/50E7825E-0BFF-4586-9775-C69D263E8BF9-1536x1152.jpeg 1536w, https:\/\/www.tsyd.org.tr\/wp\/wp-content\/uploads\/2022\/05\/50E7825E-0BFF-4586-9775-C69D263E8BF9-560x420.jpeg 560w, https:\/\/www.tsyd.org.tr\/wp\/wp-content\/uploads\/2022\/05\/50E7825E-0BFF-4586-9775-C69D263E8BF9-80x60.jpeg 80w, https:\/\/www.tsyd.org.tr\/wp\/wp-content\/uploads\/2022\/05\/50E7825E-0BFF-4586-9775-C69D263E8BF9-100x75.jpeg 100w, https:\/\/www.tsyd.org.tr\/wp\/wp-content\/uploads\/2022\/05\/50E7825E-0BFF-4586-9775-C69D263E8BF9-180x135.jpeg 180w, https:\/\/www.tsyd.org.tr\/wp\/wp-content\/uploads\/2022\/05\/50E7825E-0BFF-4586-9775-C69D263E8BF9-238x178.jpeg 238w, https:\/\/www.tsyd.org.tr\/wp\/wp-content\/uploads\/2022\/05\/50E7825E-0BFF-4586-9775-C69D263E8BF9-640x480.jpeg 640w, https:\/\/www.tsyd.org.tr\/wp\/wp-content\/uploads\/2022\/05\/50E7825E-0BFF-4586-9775-C69D263E8BF9-681x511.jpeg 681w, https:\/\/www.tsyd.org.tr\/wp\/wp-content\/uploads\/2022\/05\/50E7825E-0BFF-4586-9775-C69D263E8BF9.jpeg 1600w\" sizes=\"auto, (max-width: 640px) 100vw, 640px\" \/><\/a> <a href=\"https:\/\/www.tsyd.org.tr\/wp\/wp-content\/uploads\/2022\/05\/2FC86075-32A7-4236-9AC3-C7EC2534526A.jpeg\"><img loading=\"lazy\" decoding=\"async\" class=\"alignnone size-large wp-image-21659\" src=\"https:\/\/www.tsyd.org.tr\/wp\/wp-content\/uploads\/2022\/05\/2FC86075-32A7-4236-9AC3-C7EC2534526A.jpeg\" alt=\"\" width=\"640\" height=\"516\" srcset=\"https:\/\/www.tsyd.org.tr\/wp\/wp-content\/uploads\/2022\/05\/2FC86075-32A7-4236-9AC3-C7EC2534526A.jpeg 720w, https:\/\/www.tsyd.org.tr\/wp\/wp-content\/uploads\/2022\/05\/2FC86075-32A7-4236-9AC3-C7EC2534526A-300x242.jpeg 300w, https:\/\/www.tsyd.org.tr\/wp\/wp-content\/uploads\/2022\/05\/2FC86075-32A7-4236-9AC3-C7EC2534526A-521x420.jpeg 521w, https:\/\/www.tsyd.org.tr\/wp\/wp-content\/uploads\/2022\/05\/2FC86075-32A7-4236-9AC3-C7EC2534526A-640x516.jpeg 640w, https:\/\/www.tsyd.org.tr\/wp\/wp-content\/uploads\/2022\/05\/2FC86075-32A7-4236-9AC3-C7EC2534526A-681x549.jpeg 681w\" sizes=\"auto, (max-width: 640px) 100vw, 640px\" \/><\/a><\/p>\n<p><a href=\"https:\/\/www.tsyd.org.tr\/wp\/wp-content\/uploads\/2022\/05\/0E0A22E1-7D69-45B7-A48B-AA6F316BAFDB.jpeg\"><img loading=\"lazy\" decoding=\"async\" class=\"alignnone size-large wp-image-21661\" src=\"https:\/\/www.tsyd.org.tr\/wp\/wp-content\/uploads\/2022\/05\/0E0A22E1-7D69-45B7-A48B-AA6F316BAFDB-768x1024.jpeg\" alt=\"\" width=\"640\" height=\"853\" srcset=\"https:\/\/www.tsyd.org.tr\/wp\/wp-content\/uploads\/2022\/05\/0E0A22E1-7D69-45B7-A48B-AA6F316BAFDB-768x1024.jpeg 768w, https:\/\/www.tsyd.org.tr\/wp\/wp-content\/uploads\/2022\/05\/0E0A22E1-7D69-45B7-A48B-AA6F316BAFDB-225x300.jpeg 225w, https:\/\/www.tsyd.org.tr\/wp\/wp-content\/uploads\/2022\/05\/0E0A22E1-7D69-45B7-A48B-AA6F316BAFDB-1152x1536.jpeg 1152w, https:\/\/www.tsyd.org.tr\/wp\/wp-content\/uploads\/2022\/05\/0E0A22E1-7D69-45B7-A48B-AA6F316BAFDB-315x420.jpeg 315w, https:\/\/www.tsyd.org.tr\/wp\/wp-content\/uploads\/2022\/05\/0E0A22E1-7D69-45B7-A48B-AA6F316BAFDB-640x853.jpeg 640w, https:\/\/www.tsyd.org.tr\/wp\/wp-content\/uploads\/2022\/05\/0E0A22E1-7D69-45B7-A48B-AA6F316BAFDB-681x908.jpeg 681w, https:\/\/www.tsyd.org.tr\/wp\/wp-content\/uploads\/2022\/05\/0E0A22E1-7D69-45B7-A48B-AA6F316BAFDB.jpeg 1200w\" sizes=\"auto, (max-width: 640px) 100vw, 640px\" \/><\/a><a href=\"https:\/\/www.tsyd.org.tr\/wp\/wp-content\/uploads\/2022\/05\/C8873286-ED00-4C1B-B9CB-AAAB3C7EF45C.jpeg\"><img loading=\"lazy\" decoding=\"async\" class=\"alignnone size-large wp-image-21662\" src=\"https:\/\/www.tsyd.org.tr\/wp\/wp-content\/uploads\/2022\/05\/C8873286-ED00-4C1B-B9CB-AAAB3C7EF45C-768x1024.jpeg\" alt=\"\" width=\"640\" height=\"853\" srcset=\"https:\/\/www.tsyd.org.tr\/wp\/wp-content\/uploads\/2022\/05\/C8873286-ED00-4C1B-B9CB-AAAB3C7EF45C-768x1024.jpeg 768w, https:\/\/www.tsyd.org.tr\/wp\/wp-content\/uploads\/2022\/05\/C8873286-ED00-4C1B-B9CB-AAAB3C7EF45C-225x300.jpeg 225w, https:\/\/www.tsyd.org.tr\/wp\/wp-content\/uploads\/2022\/05\/C8873286-ED00-4C1B-B9CB-AAAB3C7EF45C-1152x1536.jpeg 1152w, https:\/\/www.tsyd.org.tr\/wp\/wp-content\/uploads\/2022\/05\/C8873286-ED00-4C1B-B9CB-AAAB3C7EF45C-315x420.jpeg 315w, https:\/\/www.tsyd.org.tr\/wp\/wp-content\/uploads\/2022\/05\/C8873286-ED00-4C1B-B9CB-AAAB3C7EF45C-640x853.jpeg 640w, https:\/\/www.tsyd.org.tr\/wp\/wp-content\/uploads\/2022\/05\/C8873286-ED00-4C1B-B9CB-AAAB3C7EF45C-681x908.jpeg 681w, https:\/\/www.tsyd.org.tr\/wp\/wp-content\/uploads\/2022\/05\/C8873286-ED00-4C1B-B9CB-AAAB3C7EF45C.jpeg 1200w\" sizes=\"auto, (max-width: 640px) 100vw, 640px\" \/><\/a><a href=\"https:\/\/www.tsyd.org.tr\/wp\/wp-content\/uploads\/2022\/05\/WhatsApp-Image-2022-05-25-at-18.39.16.jpeg\"><img loading=\"lazy\" decoding=\"async\" class=\"alignnone size-large wp-image-21654\" src=\"https:\/\/www.tsyd.org.tr\/wp\/wp-content\/uploads\/2022\/05\/WhatsApp-Image-2022-05-25-at-18.39.16-768x1024.jpeg\" alt=\"\" width=\"640\" height=\"853\" srcset=\"https:\/\/www.tsyd.org.tr\/wp\/wp-content\/uploads\/2022\/05\/WhatsApp-Image-2022-05-25-at-18.39.16-768x1024.jpeg 768w, https:\/\/www.tsyd.org.tr\/wp\/wp-content\/uploads\/2022\/05\/WhatsApp-Image-2022-05-25-at-18.39.16-225x300.jpeg 225w, https:\/\/www.tsyd.org.tr\/wp\/wp-content\/uploads\/2022\/05\/WhatsApp-Image-2022-05-25-at-18.39.16-1152x1536.jpeg 1152w, https:\/\/www.tsyd.org.tr\/wp\/wp-content\/uploads\/2022\/05\/WhatsApp-Image-2022-05-25-at-18.39.16-315x420.jpeg 315w, https:\/\/www.tsyd.org.tr\/wp\/wp-content\/uploads\/2022\/05\/WhatsApp-Image-2022-05-25-at-18.39.16-640x853.jpeg 640w, https:\/\/www.tsyd.org.tr\/wp\/wp-content\/uploads\/2022\/05\/WhatsApp-Image-2022-05-25-at-18.39.16-681x908.jpeg 681w, https:\/\/www.tsyd.org.tr\/wp\/wp-content\/uploads\/2022\/05\/WhatsApp-Image-2022-05-25-at-18.39.16.jpeg 1536w\" sizes=\"auto, (max-width: 640px) 100vw, 640px\" \/><\/a><\/p>\n","protected":false},"excerpt":{"rendered":"<p>T\u00fcrkiye Spor Yazarlar\u0131 Derne\u011fi (TSYD) Bursa \u015eubesi\u2019nin ger\u00e7ekle\u015ftirdi\u011fi 19 May\u0131s Gen\u00e7lik Kupas\u0131\u2019nda heyecan ba\u015flad\u0131. \u0130lk g\u00fcn kar\u015f\u0131la\u015fmalar\u0131 b\u00fcy\u00fck co\u015fkuya sahne olurken, centilmenlik \u00f6n plandayd\u0131. TSYD Bursa \u015eubesi\u2019nin hayata ge\u00e7irdi\u011fi Gen\u00e7lik Kupas\u0131\u2019nda \u015f\u00f6len resmen start ald\u0131. Dikkald\u0131r\u0131m Spor Tesisleri\u2019nde d\u00fczenlenen organizasyona TSYD Bursa \u015eube Ba\u015fkan\u0131 Mehmet Ali Ekmek\u00e7i, organizasyon sorumlusu Mehmet \u015eengeldi, tak\u0131m temsilcileri ile aileler [&hellip;]<\/p>\n","protected":false},"author":9,"featured_media":21657,"comment_status":"closed","ping_status":"closed","sticky":false,"template":"","format":"standard","meta":{"footnotes":""},"categories":[1],"tags":[],"class_list":["post-21656","post","type-post","status-publish","format-standard","has-post-thumbnail","hentry","category-genel"],"acf":[],"_links":{"self":[{"href":"https:\/\/www.tsyd.org.tr\/wp\/index.php?rest_route=\/wp\/v2\/posts\/21656","targetHints":{"allow":["GET"]}}],"collection":[{"href":"https:\/\/www.tsyd.org.tr\/wp\/index.php?rest_route=\/wp\/v2\/posts"}],"about":[{"href":"https:\/\/www.tsyd.org.tr\/wp\/index.php?rest_route=\/wp\/v2\/types\/post"}],"author":[{"embeddable":true,"href":"https:\/\/www.tsyd.org.tr\/wp\/index.php?rest_route=\/wp\/v2\/users\/9"}],"replies":[{"embeddable":true,"href":"https:\/\/www.tsyd.org.tr\/wp\/index.php?rest_route=%2Fwp%2Fv2%2Fcomments&post=21656"}],"version-history":[{"count":2,"href":"https:\/\/www.tsyd.org.tr\/wp\/index.php?rest_route=\/wp\/v2\/posts\/21656\/revisions"}],"predecessor-version":[{"id":21663,"href":"https:\/\/www.tsyd.org.tr\/wp\/index.php?rest_route=\/wp\/v2\/posts\/21656\/revisions\/21663"}],"wp:featuredmedia":[{"embeddable":true,"href":"https:\/\/www.tsyd.org.tr\/wp\/index.php?rest_route=\/wp\/v2\/media\/21657"}],"wp:attachment":[{"href":"https:\/\/www.tsyd.org.tr\/wp\/index.php?rest_route=%2Fwp%2Fv2%2Fmedia&parent=21656"}],"wp:term":[{"taxonomy":"category","embeddable":true,"href":"https:\/\/www.tsyd.org.tr\/wp\/index.php?rest_route=%2Fwp%2Fv2%2Fcategories&post=21656"},{"taxonomy":"post_tag","embeddable":true,"href":"https:\/\/www.tsyd.org.tr\/wp\/index.php?rest_route=%2Fwp%2Fv2%2Ftags&post=21656"}],"curies":[{"name":"wp","href":"https:\/\/api.w.org\/{rel}","templated":true}]}}