{"id":21692,"date":"2022-06-07T11:48:46","date_gmt":"2022-06-07T08:48:46","guid":{"rendered":"https:\/\/www.tsyd.org.tr\/wp\/?p=21692"},"modified":"2022-06-07T11:51:30","modified_gmt":"2022-06-07T08:51:30","slug":"tsyd-asbaskanligina-murat-taskin-getirildi","status":"publish","type":"post","link":"https:\/\/www.tsyd.org.tr\/wp\/?p=21692","title":{"rendered":"TSYD ASBA\u015eKANLI\u011eINA MURAT TA\u015eKIN GET\u0130R\u0130LD\u0130"},"content":{"rendered":"<p>T\u00fcrkiye Spor Yazarlar\u0131 Derne\u011fi&#8217;nin (TSYD) As Ba\u015fkanl\u0131\u011f\u0131na Murat Ta\u015fk\u0131n getirildi.<\/p>\n<p>\u0130ki d\u00f6nemdir TSYD Y\u00f6netim Kurulu \u00fcyesi olarak g\u00f6rev yapan <strong>Murat Ta\u015fk\u0131n<\/strong>, Kerim Ho\u015ffikirer\u2019in Adana \u015eube Ba\u015fkanl\u0131\u011f\u0131na se\u00e7ilmesi nedeniyle bo\u015falan asba\u015fkanl\u0131kta ba\u015fkan O\u011fuz Tongsir\u2019in yard\u0131mc\u0131s\u0131 olarak da g\u00f6rev yapacak.<\/p>\n<p>TSYD\u2019de de Nuri \u0130mre ve Recep \u00c7\u0131nar da asba\u015fkan olarak g\u00f6rev yap\u0131yorlar.<\/p>\n<p>Murat Ta\u015fk\u0131n daha \u00f6nce Trabzon Gazeteciler Cemiyeti (TGC) ve TSYD Trabzon \u015eube Ba\u015fkanl\u0131\u011f\u0131 g\u00f6revlerinde de bulunmu\u015ftu.<\/p>\n","protected":false},"excerpt":{"rendered":"<p>T\u00fcrkiye Spor Yazarlar\u0131 Derne\u011fi&#8217;nin (TSYD) As Ba\u015fkanl\u0131\u011f\u0131na Murat Ta\u015fk\u0131n getirildi. \u0130ki d\u00f6nemdir TSYD Y\u00f6netim Kurulu \u00fcyesi olarak g\u00f6rev yapan Murat Ta\u015fk\u0131n, Kerim Ho\u015ffikirer\u2019in Adana \u015eube Ba\u015fkanl\u0131\u011f\u0131na se\u00e7ilmesi nedeniyle bo\u015falan asba\u015fkanl\u0131kta ba\u015fkan O\u011fuz Tongsir\u2019in yard\u0131mc\u0131s\u0131 olarak da g\u00f6rev yapacak. TSYD\u2019de de Nuri \u0130mre ve Recep \u00c7\u0131nar da asba\u015fkan olarak g\u00f6rev yap\u0131yorlar. Murat Ta\u015fk\u0131n daha \u00f6nce Trabzon [&hellip;]<\/p>\n","protected":false},"author":9,"featured_media":21693,"comment_status":"closed","ping_status":"closed","sticky":false,"template":"","format":"standard","meta":{"footnotes":""},"categories":[1],"tags":[498],"class_list":["post-21692","post","type-post","status-publish","format-standard","has-post-thumbnail","hentry","category-genel","tag-murat-taskin"],"acf":[],"_links":{"self":[{"href":"https:\/\/www.tsyd.org.tr\/wp\/index.php?rest_route=\/wp\/v2\/posts\/21692","targetHints":{"allow":["GET"]}}],"collection":[{"href":"https:\/\/www.tsyd.org.tr\/wp\/index.php?rest_route=\/wp\/v2\/posts"}],"about":[{"href":"https:\/\/www.tsyd.org.tr\/wp\/index.php?rest_route=\/wp\/v2\/types\/post"}],"author":[{"embeddable":true,"href":"https:\/\/www.tsyd.org.tr\/wp\/index.php?rest_route=\/wp\/v2\/users\/9"}],"replies":[{"embeddable":true,"href":"https:\/\/www.tsyd.org.tr\/wp\/index.php?rest_route=%2Fwp%2Fv2%2Fcomments&post=21692"}],"version-history":[{"count":2,"href":"https:\/\/www.tsyd.org.tr\/wp\/index.php?rest_route=\/wp\/v2\/posts\/21692\/revisions"}],"predecessor-version":[{"id":21695,"href":"https:\/\/www.tsyd.org.tr\/wp\/index.php?rest_route=\/wp\/v2\/posts\/21692\/revisions\/21695"}],"wp:featuredmedia":[{"embeddable":true,"href":"https:\/\/www.tsyd.org.tr\/wp\/index.php?rest_route=\/wp\/v2\/media\/21693"}],"wp:attachment":[{"href":"https:\/\/www.tsyd.org.tr\/wp\/index.php?rest_route=%2Fwp%2Fv2%2Fmedia&parent=21692"}],"wp:term":[{"taxonomy":"category","embeddable":true,"href":"https:\/\/www.tsyd.org.tr\/wp\/index.php?rest_route=%2Fwp%2Fv2%2Fcategories&post=21692"},{"taxonomy":"post_tag","embeddable":true,"href":"https:\/\/www.tsyd.org.tr\/wp\/index.php?rest_route=%2Fwp%2Fv2%2Ftags&post=21692"}],"curies":[{"name":"wp","href":"https:\/\/api.w.org\/{rel}","templated":true}]}}