{"id":21804,"date":"2022-06-23T13:38:51","date_gmt":"2022-06-23T10:38:51","guid":{"rendered":"https:\/\/www.tsyd.org.tr\/wp\/?p=21804"},"modified":"2022-06-23T13:38:51","modified_gmt":"2022-06-23T10:38:51","slug":"tsyd-sivastan-vali-simseke-ziyaret","status":"publish","type":"post","link":"https:\/\/www.tsyd.org.tr\/wp\/?p=21804","title":{"rendered":"TSYD S\u0130VAS\u2019TAN VAL\u0130 \u015e\u0130M\u015eEK\u2019E Z\u0130YARET"},"content":{"rendered":"<p><strong>TSYD Genel Merkez \u015eubeler Sorumlusu Kemal \u00c7a\u011flayan, TSYD Sivas \u015eube Ba\u015fkan\u0131 Ali Yavuz ve y\u00f6netim kurulu \u00fcyeleri, Sivas Valisi Dr. Y\u0131lmaz \u015eim\u015fek&#8217;i makam\u0131nda ziyaret etti.<\/strong><\/p>\n<p>T\u00fcrkiye Spor Yazarlar\u0131 Derne\u011fi (TSYD) Sivas \u015eubesi, Sivas Valisi Dr. Y\u0131lmaz \u015eim\u015fek\u2019e ziyarette bulundu.<\/p>\n<p>Ziyarette Genel Merkez \u015fubeler Sorumlusu Kemal \u00c7a\u011flayan Sivas Valisi Dr. Y\u0131lmaz \u015eim\u015fek\u2019e <strong>\u201cSpor ve sporcuya\u201c<\/strong> verdikleri destekten \u00f6t\u00fcr\u00fc plaket, \u015eube Ba\u015fkan\u0131 Yavuz ise T\u00fcrkiye Spor Yazarlar\u0131 Derne\u011fi (TSYD) rozeti hediye etti.<\/p>\n<p>TSYD\u2019nin ziyaretinden b\u00fcy\u00fck bir memnuniyet duydu\u011funu dile getiren Sivas Valisi Y\u0131lmaz \u015eim\u015fek, TSYD\u2019nin T\u00fcrkiye genelinde sportif faaliyetlerde \u00f6nemli bir g\u00f6rev \u00fcstlendi\u011fini dile getirerek, ba\u015far\u0131lar diledi.<\/p>\n<p><a href=\"https:\/\/www.tsyd.org.tr\/wp\/wp-content\/uploads\/2022\/06\/PHOTO-2022-06-23-13-17-58.jpg\"><img loading=\"lazy\" decoding=\"async\" class=\"alignnone size-large wp-image-21806\" src=\"https:\/\/www.tsyd.org.tr\/wp\/wp-content\/uploads\/2022\/06\/PHOTO-2022-06-23-13-17-58-1024x682.jpg\" alt=\"\" width=\"640\" height=\"426\" srcset=\"https:\/\/www.tsyd.org.tr\/wp\/wp-content\/uploads\/2022\/06\/PHOTO-2022-06-23-13-17-58-1024x682.jpg 1024w, https:\/\/www.tsyd.org.tr\/wp\/wp-content\/uploads\/2022\/06\/PHOTO-2022-06-23-13-17-58-300x200.jpg 300w, https:\/\/www.tsyd.org.tr\/wp\/wp-content\/uploads\/2022\/06\/PHOTO-2022-06-23-13-17-58-768x512.jpg 768w, https:\/\/www.tsyd.org.tr\/wp\/wp-content\/uploads\/2022\/06\/PHOTO-2022-06-23-13-17-58-1536x1023.jpg 1536w, https:\/\/www.tsyd.org.tr\/wp\/wp-content\/uploads\/2022\/06\/PHOTO-2022-06-23-13-17-58-630x420.jpg 630w, https:\/\/www.tsyd.org.tr\/wp\/wp-content\/uploads\/2022\/06\/PHOTO-2022-06-23-13-17-58-640x426.jpg 640w, https:\/\/www.tsyd.org.tr\/wp\/wp-content\/uploads\/2022\/06\/PHOTO-2022-06-23-13-17-58-681x454.jpg 681w, https:\/\/www.tsyd.org.tr\/wp\/wp-content\/uploads\/2022\/06\/PHOTO-2022-06-23-13-17-58.jpg 1600w\" sizes=\"auto, (max-width: 640px) 100vw, 640px\" \/><\/a><\/p>\n<p><a href=\"https:\/\/www.tsyd.org.tr\/wp\/wp-content\/uploads\/2022\/06\/PHOTO-2022-06-23-13-18-10.jpg\"><img loading=\"lazy\" decoding=\"async\" class=\"alignnone size-large wp-image-21807\" src=\"https:\/\/www.tsyd.org.tr\/wp\/wp-content\/uploads\/2022\/06\/PHOTO-2022-06-23-13-18-10-1024x682.jpg\" alt=\"\" width=\"640\" height=\"426\" srcset=\"https:\/\/www.tsyd.org.tr\/wp\/wp-content\/uploads\/2022\/06\/PHOTO-2022-06-23-13-18-10-1024x682.jpg 1024w, https:\/\/www.tsyd.org.tr\/wp\/wp-content\/uploads\/2022\/06\/PHOTO-2022-06-23-13-18-10-300x200.jpg 300w, https:\/\/www.tsyd.org.tr\/wp\/wp-content\/uploads\/2022\/06\/PHOTO-2022-06-23-13-18-10-768x512.jpg 768w, https:\/\/www.tsyd.org.tr\/wp\/wp-content\/uploads\/2022\/06\/PHOTO-2022-06-23-13-18-10-1536x1023.jpg 1536w, https:\/\/www.tsyd.org.tr\/wp\/wp-content\/uploads\/2022\/06\/PHOTO-2022-06-23-13-18-10-630x420.jpg 630w, https:\/\/www.tsyd.org.tr\/wp\/wp-content\/uploads\/2022\/06\/PHOTO-2022-06-23-13-18-10-640x426.jpg 640w, https:\/\/www.tsyd.org.tr\/wp\/wp-content\/uploads\/2022\/06\/PHOTO-2022-06-23-13-18-10-681x454.jpg 681w, https:\/\/www.tsyd.org.tr\/wp\/wp-content\/uploads\/2022\/06\/PHOTO-2022-06-23-13-18-10.jpg 1600w\" sizes=\"auto, (max-width: 640px) 100vw, 640px\" \/><\/a><\/p>\n","protected":false},"excerpt":{"rendered":"<p>TSYD Genel Merkez \u015eubeler Sorumlusu Kemal \u00c7a\u011flayan, TSYD Sivas \u015eube Ba\u015fkan\u0131 Ali Yavuz ve y\u00f6netim kurulu \u00fcyeleri, Sivas Valisi Dr. Y\u0131lmaz \u015eim\u015fek&#8217;i makam\u0131nda ziyaret etti. T\u00fcrkiye Spor Yazarlar\u0131 Derne\u011fi (TSYD) Sivas \u015eubesi, Sivas Valisi Dr. Y\u0131lmaz \u015eim\u015fek\u2019e ziyarette bulundu. Ziyarette Genel Merkez \u015fubeler Sorumlusu Kemal \u00c7a\u011flayan Sivas Valisi Dr. Y\u0131lmaz \u015eim\u015fek\u2019e \u201cSpor ve sporcuya\u201c verdikleri [&hellip;]<\/p>\n","protected":false},"author":9,"featured_media":21805,"comment_status":"closed","ping_status":"closed","sticky":false,"template":"","format":"standard","meta":{"footnotes":""},"categories":[1],"tags":[507,226,508],"class_list":["post-21804","post","type-post","status-publish","format-standard","has-post-thumbnail","hentry","category-genel","tag-sivas-valisi","tag-tsyd-sivas","tag-yilmaz-simsek"],"acf":[],"_links":{"self":[{"href":"https:\/\/www.tsyd.org.tr\/wp\/index.php?rest_route=\/wp\/v2\/posts\/21804","targetHints":{"allow":["GET"]}}],"collection":[{"href":"https:\/\/www.tsyd.org.tr\/wp\/index.php?rest_route=\/wp\/v2\/posts"}],"about":[{"href":"https:\/\/www.tsyd.org.tr\/wp\/index.php?rest_route=\/wp\/v2\/types\/post"}],"author":[{"embeddable":true,"href":"https:\/\/www.tsyd.org.tr\/wp\/index.php?rest_route=\/wp\/v2\/users\/9"}],"replies":[{"embeddable":true,"href":"https:\/\/www.tsyd.org.tr\/wp\/index.php?rest_route=%2Fwp%2Fv2%2Fcomments&post=21804"}],"version-history":[{"count":1,"href":"https:\/\/www.tsyd.org.tr\/wp\/index.php?rest_route=\/wp\/v2\/posts\/21804\/revisions"}],"predecessor-version":[{"id":21808,"href":"https:\/\/www.tsyd.org.tr\/wp\/index.php?rest_route=\/wp\/v2\/posts\/21804\/revisions\/21808"}],"wp:featuredmedia":[{"embeddable":true,"href":"https:\/\/www.tsyd.org.tr\/wp\/index.php?rest_route=\/wp\/v2\/media\/21805"}],"wp:attachment":[{"href":"https:\/\/www.tsyd.org.tr\/wp\/index.php?rest_route=%2Fwp%2Fv2%2Fmedia&parent=21804"}],"wp:term":[{"taxonomy":"category","embeddable":true,"href":"https:\/\/www.tsyd.org.tr\/wp\/index.php?rest_route=%2Fwp%2Fv2%2Fcategories&post=21804"},{"taxonomy":"post_tag","embeddable":true,"href":"https:\/\/www.tsyd.org.tr\/wp\/index.php?rest_route=%2Fwp%2Fv2%2Ftags&post=21804"}],"curies":[{"name":"wp","href":"https:\/\/api.w.org\/{rel}","templated":true}]}}