{"id":21812,"date":"2022-06-23T20:49:53","date_gmt":"2022-06-23T17:49:53","guid":{"rendered":"https:\/\/www.tsyd.org.tr\/wp\/?p=21812"},"modified":"2022-06-23T20:49:53","modified_gmt":"2022-06-23T17:49:53","slug":"tsyd-kayseriden-vali-ciceke-ziyaret","status":"publish","type":"post","link":"https:\/\/www.tsyd.org.tr\/wp\/?p=21812","title":{"rendered":"TSYD KAYSER\u0130\u2019DEN VAL\u0130 \u00c7\u0130\u00c7EK\u2019E Z\u0130YARET"},"content":{"rendered":"<p><strong>TSYD Kayseri \u015eube Ba\u015fkan\u0131 Oktay Ensari, Afyonkarahisar\u2019dan, Kayseri\u2019ye atanan Vali G\u00f6kmen \u00c7i\u00e7ek\u2019e ziyarette bulundu.<\/strong><\/p>\n<p class=\"p1\"><span class=\"s1\">T\u00fcrkiye Spor Yazarlar\u0131 Derne\u011fi (TSYD) Kayseri \u015eube Ba\u015fkan\u0131 Oktay Ensari, Afyonkarahisar\u2019dan Kayseri\u2019ye atanan Vali G\u00f6kmen \u00c7i\u00e7ek\u2019e hay\u0131rl\u0131 olsun ziyaretinde bulundu. <\/span><\/p>\n<p class=\"p1\"><span class=\"s1\">Ba\u015fkan Ensari\u2019ye ziyarette, duayen gazeteci Salih Balc\u0131, Mustafa G\u00fcrb\u00fcz ve Hakan \u00c7iftci de kat\u0131ld\u0131.<\/span><\/p>\n<p class=\"p1\"><span class=\"s1\">Vali G\u00f6kmen \u00c7i\u00e7ek, Ba\u015fkan Ensari\u2019ye ziyaretten duydu\u011fu memnuniyeti dile getirerek, Kayseri\u2019yi \u00e7ok be\u011fendi\u011fini ve Kayserispor\u2019a ellerinden gelen deste\u011fi vereceklerini ifade etti.<\/span><\/p>\n<p class=\"p1\"><span class=\"s1\">Ba\u015fkan Oktay Ensari de G\u00f6kmen \u00c7i\u00e7ek\u2019e yeni g\u00f6revlerinde ba\u015far\u0131 dile\u011finde bulunarak, k\u0131sa bir Kayserispor sohbeti yaparak, \u015filt takdim etti.<\/span><\/p>\n<p><a href=\"https:\/\/www.tsyd.org.tr\/wp\/wp-content\/uploads\/2022\/06\/A7219AF7-AC9D-43C6-BBEC-9425ACA3EE8A.jpeg\"><img loading=\"lazy\" decoding=\"async\" class=\"alignnone size-large wp-image-21814\" src=\"https:\/\/www.tsyd.org.tr\/wp\/wp-content\/uploads\/2022\/06\/A7219AF7-AC9D-43C6-BBEC-9425ACA3EE8A-1024x682.jpeg\" alt=\"\" width=\"640\" height=\"426\" srcset=\"https:\/\/www.tsyd.org.tr\/wp\/wp-content\/uploads\/2022\/06\/A7219AF7-AC9D-43C6-BBEC-9425ACA3EE8A-1024x682.jpeg 1024w, https:\/\/www.tsyd.org.tr\/wp\/wp-content\/uploads\/2022\/06\/A7219AF7-AC9D-43C6-BBEC-9425ACA3EE8A-300x200.jpeg 300w, https:\/\/www.tsyd.org.tr\/wp\/wp-content\/uploads\/2022\/06\/A7219AF7-AC9D-43C6-BBEC-9425ACA3EE8A-768x512.jpeg 768w, https:\/\/www.tsyd.org.tr\/wp\/wp-content\/uploads\/2022\/06\/A7219AF7-AC9D-43C6-BBEC-9425ACA3EE8A-1536x1024.jpeg 1536w, https:\/\/www.tsyd.org.tr\/wp\/wp-content\/uploads\/2022\/06\/A7219AF7-AC9D-43C6-BBEC-9425ACA3EE8A-630x420.jpeg 630w, https:\/\/www.tsyd.org.tr\/wp\/wp-content\/uploads\/2022\/06\/A7219AF7-AC9D-43C6-BBEC-9425ACA3EE8A-640x427.jpeg 640w, https:\/\/www.tsyd.org.tr\/wp\/wp-content\/uploads\/2022\/06\/A7219AF7-AC9D-43C6-BBEC-9425ACA3EE8A-681x454.jpeg 681w, https:\/\/www.tsyd.org.tr\/wp\/wp-content\/uploads\/2022\/06\/A7219AF7-AC9D-43C6-BBEC-9425ACA3EE8A.jpeg 1658w\" sizes=\"auto, (max-width: 640px) 100vw, 640px\" \/><\/a><\/p>\n","protected":false},"excerpt":{"rendered":"<p>TSYD Kayseri \u015eube Ba\u015fkan\u0131 Oktay Ensari, Afyonkarahisar\u2019dan, Kayseri\u2019ye atanan Vali G\u00f6kmen \u00c7i\u00e7ek\u2019e ziyarette bulundu. T\u00fcrkiye Spor Yazarlar\u0131 Derne\u011fi (TSYD) Kayseri \u015eube Ba\u015fkan\u0131 Oktay Ensari, Afyonkarahisar\u2019dan Kayseri\u2019ye atanan Vali G\u00f6kmen \u00c7i\u00e7ek\u2019e hay\u0131rl\u0131 olsun ziyaretinde bulundu. Ba\u015fkan Ensari\u2019ye ziyarette, duayen gazeteci Salih Balc\u0131, Mustafa G\u00fcrb\u00fcz ve Hakan \u00c7iftci de kat\u0131ld\u0131. Vali G\u00f6kmen \u00c7i\u00e7ek, Ba\u015fkan Ensari\u2019ye ziyaretten duydu\u011fu [&hellip;]<\/p>\n","protected":false},"author":9,"featured_media":21813,"comment_status":"closed","ping_status":"closed","sticky":false,"template":"","format":"standard","meta":{"footnotes":""},"categories":[1],"tags":[],"class_list":["post-21812","post","type-post","status-publish","format-standard","has-post-thumbnail","hentry","category-genel"],"acf":[],"_links":{"self":[{"href":"https:\/\/www.tsyd.org.tr\/wp\/index.php?rest_route=\/wp\/v2\/posts\/21812","targetHints":{"allow":["GET"]}}],"collection":[{"href":"https:\/\/www.tsyd.org.tr\/wp\/index.php?rest_route=\/wp\/v2\/posts"}],"about":[{"href":"https:\/\/www.tsyd.org.tr\/wp\/index.php?rest_route=\/wp\/v2\/types\/post"}],"author":[{"embeddable":true,"href":"https:\/\/www.tsyd.org.tr\/wp\/index.php?rest_route=\/wp\/v2\/users\/9"}],"replies":[{"embeddable":true,"href":"https:\/\/www.tsyd.org.tr\/wp\/index.php?rest_route=%2Fwp%2Fv2%2Fcomments&post=21812"}],"version-history":[{"count":1,"href":"https:\/\/www.tsyd.org.tr\/wp\/index.php?rest_route=\/wp\/v2\/posts\/21812\/revisions"}],"predecessor-version":[{"id":21815,"href":"https:\/\/www.tsyd.org.tr\/wp\/index.php?rest_route=\/wp\/v2\/posts\/21812\/revisions\/21815"}],"wp:featuredmedia":[{"embeddable":true,"href":"https:\/\/www.tsyd.org.tr\/wp\/index.php?rest_route=\/wp\/v2\/media\/21813"}],"wp:attachment":[{"href":"https:\/\/www.tsyd.org.tr\/wp\/index.php?rest_route=%2Fwp%2Fv2%2Fmedia&parent=21812"}],"wp:term":[{"taxonomy":"category","embeddable":true,"href":"https:\/\/www.tsyd.org.tr\/wp\/index.php?rest_route=%2Fwp%2Fv2%2Fcategories&post=21812"},{"taxonomy":"post_tag","embeddable":true,"href":"https:\/\/www.tsyd.org.tr\/wp\/index.php?rest_route=%2Fwp%2Fv2%2Ftags&post=21812"}],"curies":[{"name":"wp","href":"https:\/\/api.w.org\/{rel}","templated":true}]}}