{"id":21819,"date":"2022-06-28T11:58:26","date_gmt":"2022-06-28T08:58:26","guid":{"rendered":"https:\/\/www.tsyd.org.tr\/wp\/?p=21819"},"modified":"2022-06-28T15:02:57","modified_gmt":"2022-06-28T12:02:57","slug":"milli-teniscimizi-ugurladik","status":"publish","type":"post","link":"https:\/\/www.tsyd.org.tr\/wp\/?p=21819","title":{"rendered":"M\u0130LL\u0130 TEN\u0130S\u00c7\u0130M\u0130Z\u0130 U\u011eURLADIK"},"content":{"rendered":"<p class=\"p1\"><span class=\"s1\">T\u00fcrkiye&#8217;yi Slovakya\u2019da yap\u0131lacak Gen\u00e7lik Olimpiyatlar\u0131\u2019nda temsil edecek TSYD&#8217;nin tenis\u00e7isi <strong>MUSTAFA KAAN K\u00d6SE<\/strong>&#8216;yi kutlad\u0131k ve ba\u015far\u0131 dileklerimizle u\u011furlad\u0131k.<\/span><\/p>\n<p><a href=\"https:\/\/www.tsyd.org.tr\/wp\/wp-content\/uploads\/2022\/06\/904FB6F9-4896-44E0-9342-FC762A25D61B.jpeg\"><img loading=\"lazy\" decoding=\"async\" class=\"alignnone size-large wp-image-21821\" src=\"https:\/\/www.tsyd.org.tr\/wp\/wp-content\/uploads\/2022\/06\/904FB6F9-4896-44E0-9342-FC762A25D61B-819x1024.jpeg\" alt=\"\" width=\"640\" height=\"800\" srcset=\"https:\/\/www.tsyd.org.tr\/wp\/wp-content\/uploads\/2022\/06\/904FB6F9-4896-44E0-9342-FC762A25D61B-819x1024.jpeg 819w, https:\/\/www.tsyd.org.tr\/wp\/wp-content\/uploads\/2022\/06\/904FB6F9-4896-44E0-9342-FC762A25D61B-240x300.jpeg 240w, https:\/\/www.tsyd.org.tr\/wp\/wp-content\/uploads\/2022\/06\/904FB6F9-4896-44E0-9342-FC762A25D61B-768x960.jpeg 768w, https:\/\/www.tsyd.org.tr\/wp\/wp-content\/uploads\/2022\/06\/904FB6F9-4896-44E0-9342-FC762A25D61B-1229x1536.jpeg 1229w, https:\/\/www.tsyd.org.tr\/wp\/wp-content\/uploads\/2022\/06\/904FB6F9-4896-44E0-9342-FC762A25D61B-336x420.jpeg 336w, https:\/\/www.tsyd.org.tr\/wp\/wp-content\/uploads\/2022\/06\/904FB6F9-4896-44E0-9342-FC762A25D61B-640x800.jpeg 640w, https:\/\/www.tsyd.org.tr\/wp\/wp-content\/uploads\/2022\/06\/904FB6F9-4896-44E0-9342-FC762A25D61B-681x851.jpeg 681w, https:\/\/www.tsyd.org.tr\/wp\/wp-content\/uploads\/2022\/06\/904FB6F9-4896-44E0-9342-FC762A25D61B.jpeg 1280w\" sizes=\"auto, (max-width: 640px) 100vw, 640px\" \/><\/a><\/p>\n","protected":false},"excerpt":{"rendered":"<p>T\u00fcrkiye&#8217;yi Slovakya\u2019da yap\u0131lacak Gen\u00e7lik Olimpiyatlar\u0131\u2019nda temsil edecek TSYD&#8217;nin tenis\u00e7isi MUSTAFA KAAN K\u00d6SE&#8216;yi kutlad\u0131k ve ba\u015far\u0131 dileklerimizle u\u011furlad\u0131k.<\/p>\n","protected":false},"author":9,"featured_media":21823,"comment_status":"closed","ping_status":"closed","sticky":false,"template":"","format":"standard","meta":{"footnotes":""},"categories":[1],"tags":[330,331,203],"class_list":["post-21819","post","type-post","status-publish","format-standard","has-post-thumbnail","hentry","category-genel","tag-mustafa-kaan-kose","tag-tenis","tag-tsyd"],"acf":[],"_links":{"self":[{"href":"https:\/\/www.tsyd.org.tr\/wp\/index.php?rest_route=\/wp\/v2\/posts\/21819","targetHints":{"allow":["GET"]}}],"collection":[{"href":"https:\/\/www.tsyd.org.tr\/wp\/index.php?rest_route=\/wp\/v2\/posts"}],"about":[{"href":"https:\/\/www.tsyd.org.tr\/wp\/index.php?rest_route=\/wp\/v2\/types\/post"}],"author":[{"embeddable":true,"href":"https:\/\/www.tsyd.org.tr\/wp\/index.php?rest_route=\/wp\/v2\/users\/9"}],"replies":[{"embeddable":true,"href":"https:\/\/www.tsyd.org.tr\/wp\/index.php?rest_route=%2Fwp%2Fv2%2Fcomments&post=21819"}],"version-history":[{"count":2,"href":"https:\/\/www.tsyd.org.tr\/wp\/index.php?rest_route=\/wp\/v2\/posts\/21819\/revisions"}],"predecessor-version":[{"id":21825,"href":"https:\/\/www.tsyd.org.tr\/wp\/index.php?rest_route=\/wp\/v2\/posts\/21819\/revisions\/21825"}],"wp:featuredmedia":[{"embeddable":true,"href":"https:\/\/www.tsyd.org.tr\/wp\/index.php?rest_route=\/wp\/v2\/media\/21823"}],"wp:attachment":[{"href":"https:\/\/www.tsyd.org.tr\/wp\/index.php?rest_route=%2Fwp%2Fv2%2Fmedia&parent=21819"}],"wp:term":[{"taxonomy":"category","embeddable":true,"href":"https:\/\/www.tsyd.org.tr\/wp\/index.php?rest_route=%2Fwp%2Fv2%2Fcategories&post=21819"},{"taxonomy":"post_tag","embeddable":true,"href":"https:\/\/www.tsyd.org.tr\/wp\/index.php?rest_route=%2Fwp%2Fv2%2Ftags&post=21819"}],"curies":[{"name":"wp","href":"https:\/\/api.w.org\/{rel}","templated":true}]}}