{"id":23301,"date":"2024-03-08T12:40:32","date_gmt":"2024-03-08T09:40:32","guid":{"rendered":"https:\/\/www.tsyd.org.tr\/wp\/?p=23301"},"modified":"2024-03-08T12:40:32","modified_gmt":"2024-03-08T09:40:32","slug":"tsyd-konya-subesinde-murat-donmez-yeniden-baskan-secildi","status":"publish","type":"post","link":"https:\/\/www.tsyd.org.tr\/wp\/?p=23301","title":{"rendered":"TSYD KONYA \u015eUBES\u0130\u2019NDE MURAT D\u00d6NMEZ YEN\u0130DEN BA\u015eKAN SE\u00c7\u0130LD\u0130"},"content":{"rendered":"<p>T\u00fcrkiye Spor Yazarlar\u0131 Derne\u011fi (TSYD) Konya \u015eubesi\u2019nde yap\u0131lan Ola\u011fan Genel Kurul\u2019da Murat D\u00f6nmez, Konya \u015eubesi Ba\u015fkanl\u0131\u011f\u0131\u2019na \u00fc\u00e7\u00fcnc\u00fc kez se\u00e7ildi.<\/p>\n<p>Konya B\u00fcy\u00fck\u015fehir Stadyumu Bas\u0131n Toplant\u0131 Salonunda yap\u0131lan \u00e7ok say\u0131da \u00fcyenin kat\u0131l\u0131m\u0131yla ve tek liste ile girilen se\u00e7imde Murat D\u00f6nmez oy birli\u011fiyle yeniden ba\u015fkanl\u0131\u011fa se\u00e7ildi.<\/p>\n<p>Genel kurul, Divan Ba\u015fkanl\u0131\u011f\u0131na Sefa \u00d6zdemir, Divan katip \u00fcyeliklerine M\u00fcrsel \u00c7etin ve Muhammet G\u00fcm\u00fc\u015f\u2019\u00fcn se\u00e7ilmesiyle ba\u015flad\u0131. Sayg\u0131 Duru\u015fu ve \u0130stiklal Mar\u015f\u0131n\u0131n okunmas\u0131n\u0131n ard\u0131ndan Faaliyet Raporu ve Denetleme Kurulu Raporlar\u0131 okundu ve oyland\u0131.<\/p>\n<p>Daha sonra TSYD Konya \u015eubesi Y\u00f6netimi\u2019nin se\u00e7imi yap\u0131ld\u0131.<\/p>\n<p>Tek listeyle gidilen se\u00e7imde Murat D\u00f6nmez, oy birli\u011fiyle Konya \u015eubesi Ba\u015fkanl\u0131\u011f\u0131\u2019na se\u00e7ildi. Y\u00f6netim Kurulu\u2019nda ise; M\u00fcrsel \u00c7etin, H\u00fcseyin Avni U\u011fur, Kemal Soylu, H\u00fcseyin Turgut, Ferhat T\u00fcrko\u011flu ve Abdullah Leblebici yer ald\u0131. Denetleme Kurulu\u2019nda da Sabit Horasan, Dursun Seyis ve Sefa \u00d6zdemir g\u00f6revlendirildi.<\/p>\n<p>TSYD Konya \u015eubesi Ba\u015fkanl\u0131\u011f\u0131\u2019na se\u00e7ilen Murat D\u00f6nmez, 3. kez TSYD Konya \u015eube Ba\u015fkanl\u0131\u011f\u0131na se\u00e7ilmenin mutlulu\u011funu ya\u015fad\u0131\u011f\u0131n\u0131 belirterek, \u201cYeni d\u00f6nemde de \u015fube olarak \u00f6nemli faaliyetler yapmay\u0131 hedefliyoruz. Umar\u0131m, ge\u00e7ti\u011fimiz y\u0131llarda ya\u015fad\u0131\u011f\u0131m\u0131z pandemi ve deprem gibi ac\u0131lar, s\u0131k\u0131nt\u0131lar ya\u015famay\u0131z. Aram\u0131za yeni kat\u0131lan gen\u00e7 meslekta\u015flar\u0131m\u0131zla birlikte g\u00fczel i\u015flere imza atacak olman\u0131n heyecan\u0131n\u0131 ya\u015f\u0131yoruz.\u201d dedi.<\/p>\n<p><img loading=\"lazy\" decoding=\"async\" class=\"aligncenter size-full wp-image-23306\" src=\"https:\/\/www.tsyd.org.tr\/wp\/wp-content\/uploads\/2024\/03\/5.jpg\" alt=\"\" width=\"1616\" height=\"827\" srcset=\"https:\/\/www.tsyd.org.tr\/wp\/wp-content\/uploads\/2024\/03\/5.jpg 1616w, https:\/\/www.tsyd.org.tr\/wp\/wp-content\/uploads\/2024\/03\/5-300x154.jpg 300w, https:\/\/www.tsyd.org.tr\/wp\/wp-content\/uploads\/2024\/03\/5-1024x524.jpg 1024w, https:\/\/www.tsyd.org.tr\/wp\/wp-content\/uploads\/2024\/03\/5-768x393.jpg 768w, https:\/\/www.tsyd.org.tr\/wp\/wp-content\/uploads\/2024\/03\/5-1536x786.jpg 1536w, https:\/\/www.tsyd.org.tr\/wp\/wp-content\/uploads\/2024\/03\/5-821x420.jpg 821w, https:\/\/www.tsyd.org.tr\/wp\/wp-content\/uploads\/2024\/03\/5-640x328.jpg 640w, https:\/\/www.tsyd.org.tr\/wp\/wp-content\/uploads\/2024\/03\/5-681x349.jpg 681w\" sizes=\"auto, (max-width: 1616px) 100vw, 1616px\" \/><\/p>\n<p><img loading=\"lazy\" decoding=\"async\" class=\"aligncenter size-full wp-image-23303\" src=\"https:\/\/www.tsyd.org.tr\/wp\/wp-content\/uploads\/2024\/03\/2-2.jpg\" alt=\"\" width=\"1616\" height=\"1080\" srcset=\"https:\/\/www.tsyd.org.tr\/wp\/wp-content\/uploads\/2024\/03\/2-2.jpg 1616w, https:\/\/www.tsyd.org.tr\/wp\/wp-content\/uploads\/2024\/03\/2-2-300x200.jpg 300w, https:\/\/www.tsyd.org.tr\/wp\/wp-content\/uploads\/2024\/03\/2-2-1024x684.jpg 1024w, https:\/\/www.tsyd.org.tr\/wp\/wp-content\/uploads\/2024\/03\/2-2-768x513.jpg 768w, https:\/\/www.tsyd.org.tr\/wp\/wp-content\/uploads\/2024\/03\/2-2-1536x1027.jpg 1536w, https:\/\/www.tsyd.org.tr\/wp\/wp-content\/uploads\/2024\/03\/2-2-628x420.jpg 628w, https:\/\/www.tsyd.org.tr\/wp\/wp-content\/uploads\/2024\/03\/2-2-537x360.jpg 537w, https:\/\/www.tsyd.org.tr\/wp\/wp-content\/uploads\/2024\/03\/2-2-640x428.jpg 640w, https:\/\/www.tsyd.org.tr\/wp\/wp-content\/uploads\/2024\/03\/2-2-681x455.jpg 681w\" sizes=\"auto, (max-width: 1616px) 100vw, 1616px\" \/> <img loading=\"lazy\" decoding=\"async\" class=\"aligncenter size-full wp-image-23304\" src=\"https:\/\/www.tsyd.org.tr\/wp\/wp-content\/uploads\/2024\/03\/3-1.jpg\" alt=\"\" width=\"1616\" height=\"1080\" srcset=\"https:\/\/www.tsyd.org.tr\/wp\/wp-content\/uploads\/2024\/03\/3-1.jpg 1616w, https:\/\/www.tsyd.org.tr\/wp\/wp-content\/uploads\/2024\/03\/3-1-300x200.jpg 300w, https:\/\/www.tsyd.org.tr\/wp\/wp-content\/uploads\/2024\/03\/3-1-1024x684.jpg 1024w, https:\/\/www.tsyd.org.tr\/wp\/wp-content\/uploads\/2024\/03\/3-1-768x513.jpg 768w, https:\/\/www.tsyd.org.tr\/wp\/wp-content\/uploads\/2024\/03\/3-1-1536x1027.jpg 1536w, https:\/\/www.tsyd.org.tr\/wp\/wp-content\/uploads\/2024\/03\/3-1-628x420.jpg 628w, https:\/\/www.tsyd.org.tr\/wp\/wp-content\/uploads\/2024\/03\/3-1-537x360.jpg 537w, https:\/\/www.tsyd.org.tr\/wp\/wp-content\/uploads\/2024\/03\/3-1-640x428.jpg 640w, https:\/\/www.tsyd.org.tr\/wp\/wp-content\/uploads\/2024\/03\/3-1-681x455.jpg 681w\" sizes=\"auto, (max-width: 1616px) 100vw, 1616px\" \/> <img loading=\"lazy\" decoding=\"async\" class=\"aligncenter size-full wp-image-23305\" src=\"https:\/\/www.tsyd.org.tr\/wp\/wp-content\/uploads\/2024\/03\/4-1.jpg\" alt=\"\" width=\"1616\" height=\"1080\" srcset=\"https:\/\/www.tsyd.org.tr\/wp\/wp-content\/uploads\/2024\/03\/4-1.jpg 1616w, https:\/\/www.tsyd.org.tr\/wp\/wp-content\/uploads\/2024\/03\/4-1-300x200.jpg 300w, https:\/\/www.tsyd.org.tr\/wp\/wp-content\/uploads\/2024\/03\/4-1-1024x684.jpg 1024w, https:\/\/www.tsyd.org.tr\/wp\/wp-content\/uploads\/2024\/03\/4-1-768x513.jpg 768w, https:\/\/www.tsyd.org.tr\/wp\/wp-content\/uploads\/2024\/03\/4-1-1536x1027.jpg 1536w, https:\/\/www.tsyd.org.tr\/wp\/wp-content\/uploads\/2024\/03\/4-1-628x420.jpg 628w, https:\/\/www.tsyd.org.tr\/wp\/wp-content\/uploads\/2024\/03\/4-1-537x360.jpg 537w, https:\/\/www.tsyd.org.tr\/wp\/wp-content\/uploads\/2024\/03\/4-1-640x428.jpg 640w, https:\/\/www.tsyd.org.tr\/wp\/wp-content\/uploads\/2024\/03\/4-1-681x455.jpg 681w\" sizes=\"auto, (max-width: 1616px) 100vw, 1616px\" \/><\/p>\n","protected":false},"excerpt":{"rendered":"<p>T\u00fcrkiye Spor Yazarlar\u0131 Derne\u011fi (TSYD) Konya \u015eubesi\u2019nde yap\u0131lan Ola\u011fan Genel Kurul\u2019da Murat D\u00f6nmez, Konya \u015eubesi Ba\u015fkanl\u0131\u011f\u0131\u2019na \u00fc\u00e7\u00fcnc\u00fc kez se\u00e7ildi. Konya B\u00fcy\u00fck\u015fehir Stadyumu Bas\u0131n Toplant\u0131 Salonunda yap\u0131lan \u00e7ok say\u0131da \u00fcyenin kat\u0131l\u0131m\u0131yla ve tek liste ile girilen se\u00e7imde Murat D\u00f6nmez oy birli\u011fiyle yeniden ba\u015fkanl\u0131\u011fa se\u00e7ildi. Genel kurul, Divan Ba\u015fkanl\u0131\u011f\u0131na Sefa \u00d6zdemir, Divan katip \u00fcyeliklerine M\u00fcrsel \u00c7etin ve [&hellip;]<\/p>\n","protected":false},"author":1,"featured_media":23302,"comment_status":"closed","ping_status":"closed","sticky":false,"template":"","format":"standard","meta":{"footnotes":""},"categories":[1],"tags":[],"class_list":["post-23301","post","type-post","status-publish","format-standard","has-post-thumbnail","hentry","category-genel"],"acf":[],"_links":{"self":[{"href":"https:\/\/www.tsyd.org.tr\/wp\/index.php?rest_route=\/wp\/v2\/posts\/23301","targetHints":{"allow":["GET"]}}],"collection":[{"href":"https:\/\/www.tsyd.org.tr\/wp\/index.php?rest_route=\/wp\/v2\/posts"}],"about":[{"href":"https:\/\/www.tsyd.org.tr\/wp\/index.php?rest_route=\/wp\/v2\/types\/post"}],"author":[{"embeddable":true,"href":"https:\/\/www.tsyd.org.tr\/wp\/index.php?rest_route=\/wp\/v2\/users\/1"}],"replies":[{"embeddable":true,"href":"https:\/\/www.tsyd.org.tr\/wp\/index.php?rest_route=%2Fwp%2Fv2%2Fcomments&post=23301"}],"version-history":[{"count":1,"href":"https:\/\/www.tsyd.org.tr\/wp\/index.php?rest_route=\/wp\/v2\/posts\/23301\/revisions"}],"predecessor-version":[{"id":23307,"href":"https:\/\/www.tsyd.org.tr\/wp\/index.php?rest_route=\/wp\/v2\/posts\/23301\/revisions\/23307"}],"wp:featuredmedia":[{"embeddable":true,"href":"https:\/\/www.tsyd.org.tr\/wp\/index.php?rest_route=\/wp\/v2\/media\/23302"}],"wp:attachment":[{"href":"https:\/\/www.tsyd.org.tr\/wp\/index.php?rest_route=%2Fwp%2Fv2%2Fmedia&parent=23301"}],"wp:term":[{"taxonomy":"category","embeddable":true,"href":"https:\/\/www.tsyd.org.tr\/wp\/index.php?rest_route=%2Fwp%2Fv2%2Fcategories&post=23301"},{"taxonomy":"post_tag","embeddable":true,"href":"https:\/\/www.tsyd.org.tr\/wp\/index.php?rest_route=%2Fwp%2Fv2%2Ftags&post=23301"}],"curies":[{"name":"wp","href":"https:\/\/api.w.org\/{rel}","templated":true}]}}