{"id":23310,"date":"2024-03-08T13:47:27","date_gmt":"2024-03-08T10:47:27","guid":{"rendered":"https:\/\/www.tsyd.org.tr\/wp\/?p=23310"},"modified":"2024-03-08T13:47:27","modified_gmt":"2024-03-08T10:47:27","slug":"tsyd-izmir-subesinde-yeni-baskan-ergin-karatas-oldu","status":"publish","type":"post","link":"https:\/\/www.tsyd.org.tr\/wp\/?p=23310","title":{"rendered":"TSYD \u0130ZM\u0130R \u015eUBES\u0130\u2019NDE YEN\u0130 BA\u015eKAN ERG\u0130N KARATA\u015e OLDU"},"content":{"rendered":"<p>T\u00fcrkiye Spor Yazarlar\u0131 Derne\u011fi (TSYD) \u0130zmir \u015eubesinin ola\u011fan genel kurulunda, \u00d6mer Ergin Karata\u015f ba\u015fkanl\u0131\u011fa se\u00e7ildi. Konak Belediyesi T\u00fcrkan Saylan K\u00fclt\u00fcr Merkezi&#8217;ndeki\u00a0genel kurulun divan ba\u015fkanl\u0131\u011f\u0131n\u0131 \u00dcnal T\u00fcmin, divan \u00fcyeliklerini Can Beyazkartal ve Adil \u00d6zs\u00fcer yapt\u0131. Se\u00e7imde Ergin Karata\u015f\u00a0ba\u015fkanl\u0131\u011f\u0131ndaki tek liste yer ald\u0131.Toplam 53 \u00fcyenin kat\u0131ld\u0131\u011f\u0131 kongrede ba\u015fkanl\u0131\u011fa se\u00e7ilen Karata\u015f&#8217;\u0131n\u00a0y\u00f6netim kurulu Ali Korkmaz, Ali G\u00f6zeten, Hamza G\u00f6rkem T\u00fcrky\u0131lmaz, Abdullah \u00c7elebi, Burak Hakerler ve Caner Tok&#8217;tan olu\u015ftu.<\/p>\n<p>Ba\u015fkanl\u0131k g\u00f6revini Ergin Karata\u015f\u2019a devreden Bahri Okumu\u015f, yapt\u0131\u011f\u0131 konu\u015fmada, kendisi i\u00e7in 12 y\u0131ll\u0131k bir d\u00f6nemin sona erdi\u011fini belirterek, s\u00f6zlerini \u015f\u00f6yle s\u00fcrd\u00fcrd\u00fc: &#8220;Bu salona ikinci kez geli\u015fim. \u0130lkinde \u0130zmir \u015eube Ba\u015fkan aday\u0131 olarak gelmi\u015ftim. Bug\u00fcn de 12 y\u0131l sonra o ba\u015fkanl\u0131\u011f\u0131 art\u0131k yeni bir ekibe, daha heyecanl\u0131 bir ekibe b\u0131rakma \u00fcmidiyle geldim. Geride kalan 12 y\u0131lda \u00f6nemli hizmetler yapt\u0131\u011f\u0131m\u0131za inan\u0131yorum ama\u00a0tabii ki burada benim ne s\u00f6yledi\u011fim de\u011fil, sizlerin ne d\u00fc\u015f\u00fcnd\u00fc\u011f\u00fc. Bu\u00a0s\u00fcre zarf\u0131nda tabii ki hatalar\u0131m\u0131z, eksiklerimiz oldu. Bunlar i\u00e7in hepinizin ho\u015fg\u00f6r\u00fcs\u00fcn\u00fc bekliyorum, k\u0131rd\u0131klar\u0131m\u0131zdan \u00f6z\u00fcr diliyorum. Bu s\u00fcre\u00e7te destek veren hem y\u00f6netici arkada\u015flar\u0131ma hem bize rehberlik eden camiam\u0131z\u0131n b\u00fcy\u00fcklerine te\u015fekk\u00fcr ediyorum. Benim i\u00e7in daha heyecanl\u0131 bir ekibe daha heyecanl\u0131 bir y\u00f6netime bu i\u015fi b\u0131rakma vakti.&#8221;<\/p>\n<p>Ergin Karata\u015f da mesle\u011fe ba\u015flad\u0131\u011f\u0131ndan bu yana \u0130zmir&#8217;de spor bas\u0131n\u0131n\u0131n \u00e7ok zay\u0131flad\u0131\u011f\u0131n\u0131, say\u0131 olarak az kald\u0131klar\u0131n\u0131 s\u00f6yledi. Bahri Okumu\u015f&#8217;un g\u00f6reve devam etmesini istediklerini aktaran Karata\u015f, \u015f\u00f6yle konu\u015ftu: &#8220;Ama\u00a0kendisi b\u0131rakmak istedi\u011fini, ayr\u0131lmak istedi\u011fini art\u0131k yeni bir sinerjiyle bu g\u00f6revin y\u00fcr\u00fct\u00fclmesini istedi\u011fini s\u00f6yledi\u011fi i\u00e7in bu g\u00f6reve talip oldum. Kendisine her \u015fey i\u00e7in \u00e7ok te\u015fekk\u00fcr ediyoruz. Yeni d\u00f6nemde derne\u011fimizin kurulu\u015flarla, kurumlarla var olan ili\u015fkilerini daha da geli\u015ftirmek istiyoruz. Daha \u00f6nce yapt\u0131\u011f\u0131m\u0131z devam eden organizasyonlar\u0131m\u0131z\u0131 s\u00fcrd\u00fcrmek istiyoruz. Yapamad\u0131\u011f\u0131m\u0131z bir futbol turnuvam\u0131z\u0131\u00a0tekrar hayata ge\u00e7irmek istiyoruz. Belki bir hentbol turnuvas\u0131 yapmak istiyoruz. \u00dcyelerimizle tekrar daha fazla organizasyonda bir araya gelmek istiyoruz.&#8221;<\/p>\n<p><img loading=\"lazy\" decoding=\"async\" class=\"aligncenter size-full wp-image-23312\" src=\"https:\/\/www.tsyd.org.tr\/wp\/wp-content\/uploads\/2024\/03\/2-3-scaled.jpg\" alt=\"\" width=\"2560\" height=\"1376\" srcset=\"https:\/\/www.tsyd.org.tr\/wp\/wp-content\/uploads\/2024\/03\/2-3-scaled.jpg 2560w, https:\/\/www.tsyd.org.tr\/wp\/wp-content\/uploads\/2024\/03\/2-3-300x160.jpg 300w, https:\/\/www.tsyd.org.tr\/wp\/wp-content\/uploads\/2024\/03\/2-3-1024x550.jpg 1024w, https:\/\/www.tsyd.org.tr\/wp\/wp-content\/uploads\/2024\/03\/2-3-768x413.jpg 768w, https:\/\/www.tsyd.org.tr\/wp\/wp-content\/uploads\/2024\/03\/2-3-1536x826.jpg 1536w, https:\/\/www.tsyd.org.tr\/wp\/wp-content\/uploads\/2024\/03\/2-3-2048x1101.jpg 2048w, https:\/\/www.tsyd.org.tr\/wp\/wp-content\/uploads\/2024\/03\/2-3-781x420.jpg 781w, https:\/\/www.tsyd.org.tr\/wp\/wp-content\/uploads\/2024\/03\/2-3-640x344.jpg 640w, https:\/\/www.tsyd.org.tr\/wp\/wp-content\/uploads\/2024\/03\/2-3-681x366.jpg 681w\" sizes=\"auto, (max-width: 2560px) 100vw, 2560px\" \/> <img loading=\"lazy\" decoding=\"async\" class=\"aligncenter size-full wp-image-23313\" src=\"https:\/\/www.tsyd.org.tr\/wp\/wp-content\/uploads\/2024\/03\/3333-scaled.jpg\" alt=\"\" width=\"2560\" height=\"1920\" srcset=\"https:\/\/www.tsyd.org.tr\/wp\/wp-content\/uploads\/2024\/03\/3333-scaled.jpg 2560w, https:\/\/www.tsyd.org.tr\/wp\/wp-content\/uploads\/2024\/03\/3333-300x225.jpg 300w, https:\/\/www.tsyd.org.tr\/wp\/wp-content\/uploads\/2024\/03\/3333-1024x768.jpg 1024w, https:\/\/www.tsyd.org.tr\/wp\/wp-content\/uploads\/2024\/03\/3333-768x576.jpg 768w, https:\/\/www.tsyd.org.tr\/wp\/wp-content\/uploads\/2024\/03\/3333-1536x1152.jpg 1536w, https:\/\/www.tsyd.org.tr\/wp\/wp-content\/uploads\/2024\/03\/3333-2048x1536.jpg 2048w, https:\/\/www.tsyd.org.tr\/wp\/wp-content\/uploads\/2024\/03\/3333-560x420.jpg 560w, https:\/\/www.tsyd.org.tr\/wp\/wp-content\/uploads\/2024\/03\/3333-80x60.jpg 80w, https:\/\/www.tsyd.org.tr\/wp\/wp-content\/uploads\/2024\/03\/3333-100x75.jpg 100w, https:\/\/www.tsyd.org.tr\/wp\/wp-content\/uploads\/2024\/03\/3333-180x135.jpg 180w, https:\/\/www.tsyd.org.tr\/wp\/wp-content\/uploads\/2024\/03\/3333-238x178.jpg 238w, https:\/\/www.tsyd.org.tr\/wp\/wp-content\/uploads\/2024\/03\/3333-640x480.jpg 640w, https:\/\/www.tsyd.org.tr\/wp\/wp-content\/uploads\/2024\/03\/3333-681x511.jpg 681w\" sizes=\"auto, (max-width: 2560px) 100vw, 2560px\" \/> <img loading=\"lazy\" decoding=\"async\" class=\"aligncenter size-full wp-image-23314\" src=\"https:\/\/www.tsyd.org.tr\/wp\/wp-content\/uploads\/2024\/03\/4444-scaled.jpg\" alt=\"\" width=\"2560\" height=\"1404\" srcset=\"https:\/\/www.tsyd.org.tr\/wp\/wp-content\/uploads\/2024\/03\/4444-scaled.jpg 2560w, https:\/\/www.tsyd.org.tr\/wp\/wp-content\/uploads\/2024\/03\/4444-300x165.jpg 300w, https:\/\/www.tsyd.org.tr\/wp\/wp-content\/uploads\/2024\/03\/4444-1024x562.jpg 1024w, https:\/\/www.tsyd.org.tr\/wp\/wp-content\/uploads\/2024\/03\/4444-768x421.jpg 768w, https:\/\/www.tsyd.org.tr\/wp\/wp-content\/uploads\/2024\/03\/4444-1536x842.jpg 1536w, https:\/\/www.tsyd.org.tr\/wp\/wp-content\/uploads\/2024\/03\/4444-2048x1123.jpg 2048w, https:\/\/www.tsyd.org.tr\/wp\/wp-content\/uploads\/2024\/03\/4444-766x420.jpg 766w, https:\/\/www.tsyd.org.tr\/wp\/wp-content\/uploads\/2024\/03\/4444-640x350.jpg 640w, https:\/\/www.tsyd.org.tr\/wp\/wp-content\/uploads\/2024\/03\/4444-681x374.jpg 681w\" sizes=\"auto, (max-width: 2560px) 100vw, 2560px\" \/><\/p>\n","protected":false},"excerpt":{"rendered":"<p>T\u00fcrkiye Spor Yazarlar\u0131 Derne\u011fi (TSYD) \u0130zmir \u015eubesinin ola\u011fan genel kurulunda, \u00d6mer Ergin Karata\u015f ba\u015fkanl\u0131\u011fa se\u00e7ildi. Konak Belediyesi T\u00fcrkan Saylan K\u00fclt\u00fcr Merkezi&#8217;ndeki\u00a0genel kurulun divan ba\u015fkanl\u0131\u011f\u0131n\u0131 \u00dcnal T\u00fcmin, divan \u00fcyeliklerini Can Beyazkartal ve Adil \u00d6zs\u00fcer yapt\u0131. Se\u00e7imde Ergin Karata\u015f\u00a0ba\u015fkanl\u0131\u011f\u0131ndaki tek liste yer ald\u0131.Toplam 53 \u00fcyenin kat\u0131ld\u0131\u011f\u0131 kongrede ba\u015fkanl\u0131\u011fa se\u00e7ilen Karata\u015f&#8217;\u0131n\u00a0y\u00f6netim kurulu Ali Korkmaz, Ali G\u00f6zeten, Hamza G\u00f6rkem [&hellip;]<\/p>\n","protected":false},"author":1,"featured_media":23311,"comment_status":"closed","ping_status":"closed","sticky":false,"template":"","format":"standard","meta":{"footnotes":""},"categories":[1],"tags":[],"class_list":["post-23310","post","type-post","status-publish","format-standard","has-post-thumbnail","hentry","category-genel"],"acf":[],"_links":{"self":[{"href":"https:\/\/www.tsyd.org.tr\/wp\/index.php?rest_route=\/wp\/v2\/posts\/23310","targetHints":{"allow":["GET"]}}],"collection":[{"href":"https:\/\/www.tsyd.org.tr\/wp\/index.php?rest_route=\/wp\/v2\/posts"}],"about":[{"href":"https:\/\/www.tsyd.org.tr\/wp\/index.php?rest_route=\/wp\/v2\/types\/post"}],"author":[{"embeddable":true,"href":"https:\/\/www.tsyd.org.tr\/wp\/index.php?rest_route=\/wp\/v2\/users\/1"}],"replies":[{"embeddable":true,"href":"https:\/\/www.tsyd.org.tr\/wp\/index.php?rest_route=%2Fwp%2Fv2%2Fcomments&post=23310"}],"version-history":[{"count":1,"href":"https:\/\/www.tsyd.org.tr\/wp\/index.php?rest_route=\/wp\/v2\/posts\/23310\/revisions"}],"predecessor-version":[{"id":23315,"href":"https:\/\/www.tsyd.org.tr\/wp\/index.php?rest_route=\/wp\/v2\/posts\/23310\/revisions\/23315"}],"wp:featuredmedia":[{"embeddable":true,"href":"https:\/\/www.tsyd.org.tr\/wp\/index.php?rest_route=\/wp\/v2\/media\/23311"}],"wp:attachment":[{"href":"https:\/\/www.tsyd.org.tr\/wp\/index.php?rest_route=%2Fwp%2Fv2%2Fmedia&parent=23310"}],"wp:term":[{"taxonomy":"category","embeddable":true,"href":"https:\/\/www.tsyd.org.tr\/wp\/index.php?rest_route=%2Fwp%2Fv2%2Fcategories&post=23310"},{"taxonomy":"post_tag","embeddable":true,"href":"https:\/\/www.tsyd.org.tr\/wp\/index.php?rest_route=%2Fwp%2Fv2%2Ftags&post=23310"}],"curies":[{"name":"wp","href":"https:\/\/api.w.org\/{rel}","templated":true}]}}