{"id":23506,"date":"2024-04-23T09:20:28","date_gmt":"2024-04-23T06:20:28","guid":{"rendered":"https:\/\/www.tsyd.org.tr\/wp\/?p=23506"},"modified":"2024-04-23T09:20:28","modified_gmt":"2024-04-23T06:20:28","slug":"23-nisan-ulusal-egemenlik-ve-cocuk-bayrami-kutlu-olsun","status":"publish","type":"post","link":"https:\/\/www.tsyd.org.tr\/wp\/?p=23506","title":{"rendered":"23 N\u0130SAN ULUSAL EGEMENL\u0130K VE \u00c7OCUK BAYRAMI KUTLU OLSUN"},"content":{"rendered":"<p data-ogsb=\"white\"><span data-ogsc=\"rgb(29, 33, 41)\">23 Nisan Ulusal Egemenlik ve \u00c7ocuk Bayram\u0131n\u0131 kutluyor, ba\u015fta Cumhuriyetimizin kurucusu Atat\u00fcrk olmak \u00fczere bu topraklar\u0131 vatan yapan gazi ve \u015fehitlerimizi bir kez daha sayg\u0131 ve minnetle an\u0131yoruz.<\/span><\/p>\n<p data-ogsb=\"white\"><span data-ogsc=\"rgb(29, 33, 41)\">TSYD<\/span><\/p>\n","protected":false},"excerpt":{"rendered":"<p>23 Nisan Ulusal Egemenlik ve \u00c7ocuk Bayram\u0131n\u0131 kutluyor, ba\u015fta Cumhuriyetimizin kurucusu Atat\u00fcrk olmak \u00fczere bu topraklar\u0131 vatan yapan gazi ve \u015fehitlerimizi bir kez daha sayg\u0131 ve minnetle an\u0131yoruz. TSYD<\/p>\n","protected":false},"author":1,"featured_media":23507,"comment_status":"closed","ping_status":"closed","sticky":false,"template":"","format":"standard","meta":{"footnotes":""},"categories":[1],"tags":[],"class_list":["post-23506","post","type-post","status-publish","format-standard","has-post-thumbnail","hentry","category-genel"],"acf":[],"_links":{"self":[{"href":"https:\/\/www.tsyd.org.tr\/wp\/index.php?rest_route=\/wp\/v2\/posts\/23506","targetHints":{"allow":["GET"]}}],"collection":[{"href":"https:\/\/www.tsyd.org.tr\/wp\/index.php?rest_route=\/wp\/v2\/posts"}],"about":[{"href":"https:\/\/www.tsyd.org.tr\/wp\/index.php?rest_route=\/wp\/v2\/types\/post"}],"author":[{"embeddable":true,"href":"https:\/\/www.tsyd.org.tr\/wp\/index.php?rest_route=\/wp\/v2\/users\/1"}],"replies":[{"embeddable":true,"href":"https:\/\/www.tsyd.org.tr\/wp\/index.php?rest_route=%2Fwp%2Fv2%2Fcomments&post=23506"}],"version-history":[{"count":1,"href":"https:\/\/www.tsyd.org.tr\/wp\/index.php?rest_route=\/wp\/v2\/posts\/23506\/revisions"}],"predecessor-version":[{"id":23508,"href":"https:\/\/www.tsyd.org.tr\/wp\/index.php?rest_route=\/wp\/v2\/posts\/23506\/revisions\/23508"}],"wp:featuredmedia":[{"embeddable":true,"href":"https:\/\/www.tsyd.org.tr\/wp\/index.php?rest_route=\/wp\/v2\/media\/23507"}],"wp:attachment":[{"href":"https:\/\/www.tsyd.org.tr\/wp\/index.php?rest_route=%2Fwp%2Fv2%2Fmedia&parent=23506"}],"wp:term":[{"taxonomy":"category","embeddable":true,"href":"https:\/\/www.tsyd.org.tr\/wp\/index.php?rest_route=%2Fwp%2Fv2%2Fcategories&post=23506"},{"taxonomy":"post_tag","embeddable":true,"href":"https:\/\/www.tsyd.org.tr\/wp\/index.php?rest_route=%2Fwp%2Fv2%2Ftags&post=23506"}],"curies":[{"name":"wp","href":"https:\/\/api.w.org\/{rel}","templated":true}]}}