{"id":23564,"date":"2024-05-19T15:05:29","date_gmt":"2024-05-19T12:05:29","guid":{"rendered":"https:\/\/www.tsyd.org.tr\/wp\/?p=23564"},"modified":"2024-05-19T15:05:29","modified_gmt":"2024-05-19T12:05:29","slug":"tsyd-adana-subesinden-19-mayis-kutlama","status":"publish","type":"post","link":"https:\/\/www.tsyd.org.tr\/wp\/?p=23564","title":{"rendered":"TSYD ADANA \u015eUBES\u0130\u2019NDEN 19 MAYIS KUTLAMA"},"content":{"rendered":"<p class=\"p1\"><span class=\"s1\">T\u00fcrkiye Spor Yazarlar\u0131 Derne\u011fi Adana \u015eubesi, 19 May\u0131s Atat\u00fcrk\u2019\u00fc Anma Gen\u00e7lik ve Spor Bayram\u0131\u2019n\u0131 kutlad\u0131. <\/span><\/p>\n<p class=\"p1\"><span class=\"s1\">TSYD Adana \u015eube Ba\u015fkan\u0131 Engin Kamber, Genel Merkez Y\u00f6netim Kurulu \u00dcyesi Adnan Poyraz ve Adana \u015eube Y\u00f6netim Kurulu bu anlaml\u0131 g\u00fcnde Atat\u00fcrk An\u0131t\u0131\u2019na \u00e7elenk koydu. \u00a0<\/span><\/p>\n<p class=\"p1\"><span class=\"s1\">TSYD Adana \u015eube Ba\u015fkan\u0131 Kanber, 105 y\u0131l \u00f6nce Mustafa Kemal Atat\u00fcrk\u2019\u00fcn, Samsun\u2019a \u00e7\u0131karak ba\u011f\u0131ms\u0131zl\u0131k me\u015falesini yakt\u0131\u011f\u0131n\u0131 belirtti, \u201cBu tarihte milli m\u00fccadelemizi ba\u015flatt\u0131. Ulu \u00f6nderimiz Mustafa Kemal Atat\u00fcrk bug\u00fcn\u00fc T<\/span><span class=\"s2\">\u00fcrk gen\u00e7li\u011fine arma\u011fan etti. Co\u015fkuyla kutluyoruz. \u0130nan\u0131yorum ki, T\u00fcrk gen\u00e7li\u011fi ilelebet bug\u00fcn\u00fc co\u015fkuyla kutlayacakt\u0131r. Ata\u2019m\u0131z\u0131n izinden sapmadan, ilkeleri do\u011frultusunda Ata\u2019m\u0131z\u0131 \u00a0minnetle anaca\u011f\u0131z\u201d diye konu\u015ftu.<\/span><\/p>\n","protected":false},"excerpt":{"rendered":"<p>T\u00fcrkiye Spor Yazarlar\u0131 Derne\u011fi Adana \u015eubesi, 19 May\u0131s Atat\u00fcrk\u2019\u00fc Anma Gen\u00e7lik ve Spor Bayram\u0131\u2019n\u0131 kutlad\u0131. TSYD Adana \u015eube Ba\u015fkan\u0131 Engin Kamber, Genel Merkez Y\u00f6netim Kurulu \u00dcyesi Adnan Poyraz ve Adana \u015eube Y\u00f6netim Kurulu bu anlaml\u0131 g\u00fcnde Atat\u00fcrk An\u0131t\u0131\u2019na \u00e7elenk koydu. \u00a0 TSYD Adana \u015eube Ba\u015fkan\u0131 Kanber, 105 y\u0131l \u00f6nce Mustafa Kemal Atat\u00fcrk\u2019\u00fcn, Samsun\u2019a \u00e7\u0131karak ba\u011f\u0131ms\u0131zl\u0131k [&hellip;]<\/p>\n","protected":false},"author":1,"featured_media":23565,"comment_status":"closed","ping_status":"closed","sticky":false,"template":"","format":"standard","meta":{"footnotes":""},"categories":[1],"tags":[],"class_list":["post-23564","post","type-post","status-publish","format-standard","has-post-thumbnail","hentry","category-genel"],"acf":[],"_links":{"self":[{"href":"https:\/\/www.tsyd.org.tr\/wp\/index.php?rest_route=\/wp\/v2\/posts\/23564","targetHints":{"allow":["GET"]}}],"collection":[{"href":"https:\/\/www.tsyd.org.tr\/wp\/index.php?rest_route=\/wp\/v2\/posts"}],"about":[{"href":"https:\/\/www.tsyd.org.tr\/wp\/index.php?rest_route=\/wp\/v2\/types\/post"}],"author":[{"embeddable":true,"href":"https:\/\/www.tsyd.org.tr\/wp\/index.php?rest_route=\/wp\/v2\/users\/1"}],"replies":[{"embeddable":true,"href":"https:\/\/www.tsyd.org.tr\/wp\/index.php?rest_route=%2Fwp%2Fv2%2Fcomments&post=23564"}],"version-history":[{"count":1,"href":"https:\/\/www.tsyd.org.tr\/wp\/index.php?rest_route=\/wp\/v2\/posts\/23564\/revisions"}],"predecessor-version":[{"id":23566,"href":"https:\/\/www.tsyd.org.tr\/wp\/index.php?rest_route=\/wp\/v2\/posts\/23564\/revisions\/23566"}],"wp:featuredmedia":[{"embeddable":true,"href":"https:\/\/www.tsyd.org.tr\/wp\/index.php?rest_route=\/wp\/v2\/media\/23565"}],"wp:attachment":[{"href":"https:\/\/www.tsyd.org.tr\/wp\/index.php?rest_route=%2Fwp%2Fv2%2Fmedia&parent=23564"}],"wp:term":[{"taxonomy":"category","embeddable":true,"href":"https:\/\/www.tsyd.org.tr\/wp\/index.php?rest_route=%2Fwp%2Fv2%2Fcategories&post=23564"},{"taxonomy":"post_tag","embeddable":true,"href":"https:\/\/www.tsyd.org.tr\/wp\/index.php?rest_route=%2Fwp%2Fv2%2Ftags&post=23564"}],"curies":[{"name":"wp","href":"https:\/\/api.w.org\/{rel}","templated":true}]}}