{"id":23601,"date":"2024-05-31T12:36:59","date_gmt":"2024-05-31T09:36:59","guid":{"rendered":"https:\/\/www.tsyd.org.tr\/wp\/?p=23601"},"modified":"2024-05-31T12:36:59","modified_gmt":"2024-05-31T09:36:59","slug":"663-kirkpinar-guresleri-basin-akreditasyonu","status":"publish","type":"post","link":"https:\/\/www.tsyd.org.tr\/wp\/?p=23601","title":{"rendered":"663. KIRKPINAR G\u00dcRE\u015eLER\u0130 BASIN AKRED\u0130TASYONU"},"content":{"rendered":"<p>Edirne Belediye Ba\u015fkanl\u0131\u011f\u0131 taraf\u0131ndan d\u00fczenlenen ve her y\u0131l binlerce g\u00fcre\u015fseveri a\u011f\u0131rlayan Tarihi K\u0131rkp\u0131nar Ya\u011fl\u0131 G\u00fcre\u015fleri\u2019nin 663.\u2019s\u00fc 5-6-7 Temmuz tarihlerinde d\u00fczenlenecek.<\/p>\n<p>Sarayi\u00e7i Er Meydan\u0131\u2019nda d\u00fczenlenecek organizasyona yurti\u00e7i ve yurtd\u0131\u015f\u0131ndan gelecek olan bas\u0131n mensuplar\u0131 ve foto\u011fraf sanat\u00e7\u0131lar\u0131 i\u00e7in akreditasyon ba\u015fvurular\u0131 31 May\u0131s tarihinde ba\u015fl\u0131yor.<\/p>\n<p>K\u0131rkp\u0131nar G\u00fcre\u015fleri\u2019nde g\u00f6rev yapacak bas\u0131n mensuplar\u0131n\u0131n akreditasyon i\u015flemleri T\u00fcrkiye Spor Yazarlar\u0131 Derne\u011fi taraf\u0131ndan yap\u0131lacak. 663. K\u0131rkp\u0131nar Ya\u011fl\u0131 G\u00fcre\u015fleri\u2019ni takip etmek isteyen bas\u0131n mensuplar\u0131 T\u00fcrkiye Spor Yazarlar\u0131 Derne\u011fi\u2019ne ba\u015fvuruda bulunacak; T\u00fcrkiye Spor Yazarlar\u0131 Derne\u011fi (tsyd@tsyd.org.tr) akreditasyon i\u015flemlerini ulusal ve uluslararas\u0131 m\u00fcsabakalarda uyguland\u0131\u011f\u0131 \u015fekilde ger\u00e7ekle\u015ftirilecek. Foto\u011fraf sanat\u00e7\u0131lar\u0131 (bas\u0131n d\u0131\u015f\u0131ndaki foto\u011fraf\u00e7\u0131lar) ve yabanc\u0131 bas\u0131n mensuplar\u0131n\u0131n akreditasyon i\u015flemleri TSYD taraf\u0131ndan de\u011fil, Edirne Belediyesi taraf\u0131ndan yap\u0131lacakt\u0131r.<\/p>\n<p>Bunlar haricinde 663. Tarihi K\u0131rkp\u0131nar Ya\u011fl\u0131 G\u00fcre\u015fleri i\u00e7in bireysel ba\u015fvuru ile sahaya giri\u015f kart\u0131 verilmeyecek.<\/p>\n<p>TSYD taraf\u0131ndan akredite edilecek olan bas\u0131n mensuplar\u0131ndan istenen belgeler:<\/p>\n<ul>\n<li>1 Foto\u011fraf<\/li>\n<li>Kurumdaki spor m\u00fcd\u00fcr\u00fcnden al\u0131nacak g\u00f6revlendirme yaz\u0131s\u0131<\/li>\n<li>Varsa bas\u0131n kart\u0131<\/li>\n<li>Kurum kart\u0131<\/li>\n<li>Ad, Soyad, TC Kimlik No, Do\u011fum Tarihi, G\u00f6revi, Email ve Telefon Numaras\u0131 bilgisi<\/li>\n<\/ul>\n<p>Not: Ba\u015fvurular mail yolu ile <a href=\"mailto:tsyd@tsyd.org.tr\">tsyd@tsyd.org.tr<\/a> adresine yap\u0131lacakt\u0131r. Mail g\u00f6nderilirken ba\u015fl\u0131k olarak \u201c663. K\u0131rkp\u0131nar Ya\u011fl\u0131 G\u00fcre\u015fleri Akreditasyon Ba\u015fvurusu\u201d ba\u015fl\u0131\u011f\u0131n\u0131 atman\u0131z\u0131 rica ederiz.<\/p>\n<p>\u0130leti\u015fim: 0 212 270 59 59<\/p>\n","protected":false},"excerpt":{"rendered":"<p>Edirne Belediye Ba\u015fkanl\u0131\u011f\u0131 taraf\u0131ndan d\u00fczenlenen ve her y\u0131l binlerce g\u00fcre\u015fseveri a\u011f\u0131rlayan Tarihi K\u0131rkp\u0131nar Ya\u011fl\u0131 G\u00fcre\u015fleri\u2019nin 663.\u2019s\u00fc 5-6-7 Temmuz tarihlerinde d\u00fczenlenecek. Sarayi\u00e7i Er Meydan\u0131\u2019nda d\u00fczenlenecek organizasyona yurti\u00e7i ve yurtd\u0131\u015f\u0131ndan gelecek olan bas\u0131n mensuplar\u0131 ve foto\u011fraf sanat\u00e7\u0131lar\u0131 i\u00e7in akreditasyon ba\u015fvurular\u0131 31 May\u0131s tarihinde ba\u015fl\u0131yor. K\u0131rkp\u0131nar G\u00fcre\u015fleri\u2019nde g\u00f6rev yapacak bas\u0131n mensuplar\u0131n\u0131n akreditasyon i\u015flemleri T\u00fcrkiye Spor Yazarlar\u0131 Derne\u011fi taraf\u0131ndan [&hellip;]<\/p>\n","protected":false},"author":1,"featured_media":22767,"comment_status":"closed","ping_status":"closed","sticky":false,"template":"","format":"standard","meta":{"footnotes":""},"categories":[135],"tags":[],"class_list":["post-23601","post","type-post","status-publish","format-standard","has-post-thumbnail","hentry","category-duyuru"],"acf":[],"_links":{"self":[{"href":"https:\/\/www.tsyd.org.tr\/wp\/index.php?rest_route=\/wp\/v2\/posts\/23601","targetHints":{"allow":["GET"]}}],"collection":[{"href":"https:\/\/www.tsyd.org.tr\/wp\/index.php?rest_route=\/wp\/v2\/posts"}],"about":[{"href":"https:\/\/www.tsyd.org.tr\/wp\/index.php?rest_route=\/wp\/v2\/types\/post"}],"author":[{"embeddable":true,"href":"https:\/\/www.tsyd.org.tr\/wp\/index.php?rest_route=\/wp\/v2\/users\/1"}],"replies":[{"embeddable":true,"href":"https:\/\/www.tsyd.org.tr\/wp\/index.php?rest_route=%2Fwp%2Fv2%2Fcomments&post=23601"}],"version-history":[{"count":1,"href":"https:\/\/www.tsyd.org.tr\/wp\/index.php?rest_route=\/wp\/v2\/posts\/23601\/revisions"}],"predecessor-version":[{"id":23602,"href":"https:\/\/www.tsyd.org.tr\/wp\/index.php?rest_route=\/wp\/v2\/posts\/23601\/revisions\/23602"}],"wp:featuredmedia":[{"embeddable":true,"href":"https:\/\/www.tsyd.org.tr\/wp\/index.php?rest_route=\/wp\/v2\/media\/22767"}],"wp:attachment":[{"href":"https:\/\/www.tsyd.org.tr\/wp\/index.php?rest_route=%2Fwp%2Fv2%2Fmedia&parent=23601"}],"wp:term":[{"taxonomy":"category","embeddable":true,"href":"https:\/\/www.tsyd.org.tr\/wp\/index.php?rest_route=%2Fwp%2Fv2%2Fcategories&post=23601"},{"taxonomy":"post_tag","embeddable":true,"href":"https:\/\/www.tsyd.org.tr\/wp\/index.php?rest_route=%2Fwp%2Fv2%2Ftags&post=23601"}],"curies":[{"name":"wp","href":"https:\/\/api.w.org\/{rel}","templated":true}]}}