{"id":23632,"date":"2024-07-04T15:14:21","date_gmt":"2024-07-04T12:14:21","guid":{"rendered":"https:\/\/www.tsyd.org.tr\/wp\/?p=23632"},"modified":"2024-07-04T15:29:21","modified_gmt":"2024-07-04T12:29:21","slug":"oduller-sahiplerini-buldu","status":"publish","type":"post","link":"https:\/\/www.tsyd.org.tr\/wp\/?p=23632","title":{"rendered":"\u00d6D\u00dcLLER SAH\u0130PLER\u0130N\u0130 BULDU"},"content":{"rendered":"<p>1.\u2019si d\u00fczenlenen TSYD G\u00f6rsel Yar\u0131\u015fmas\u0131\u2019n\u0131n \u00f6d\u00fclleri, TSYD Levent Tesisleri\u2019nde d\u00fczenlenen t\u00f6ren ile sahiplerine teslim edildi.<\/p>\n<p>H\u00fcseyin Yavuz\u2019un birinci, M\u00fcrsel \u00c7etin\u2019in ikinci ve \u015eaban K\u0131l\u0131\u00e7c\u0131\u2019n\u0131n \u00fc\u00e7\u00fcnc\u00fc oldu\u011fu yar\u0131\u015fman\u0131n \u00f6d\u00fcl t\u00f6reni 3 Temmuz ak\u015fam\u0131 ger\u00e7ekle\u015ftirildi. Euro2024\u2019te g\u00f6rev almas\u0131 nedeniyle geceye kat\u0131lamayan H\u00fcseyin Yavuz\u2019un plaketini, kendisi ad\u0131na y\u00f6netim kurulu \u00fcyemiz Ayg\u00fcn \u00d6zipek teslim ald\u0131.<\/p>\n<p>\u00d6d\u00fcl t\u00f6reni sonras\u0131 sahne alan Co\u015fkun Sabah geceye kat\u0131lan misafirlerimize e\u015fsiz performans\u0131 ve \u015fark\u0131lar\u0131yla keyif dolu bir gece ya\u015fatt\u0131.<\/p>\n<p><img loading=\"lazy\" decoding=\"async\" class=\"aligncenter size-full wp-image-23636\" src=\"https:\/\/www.tsyd.org.tr\/wp\/wp-content\/uploads\/2024\/07\/DSCF1225-scaled.jpg\" alt=\"\" width=\"2560\" height=\"1854\" srcset=\"https:\/\/www.tsyd.org.tr\/wp\/wp-content\/uploads\/2024\/07\/DSCF1225-scaled.jpg 2560w, https:\/\/www.tsyd.org.tr\/wp\/wp-content\/uploads\/2024\/07\/DSCF1225-300x217.jpg 300w, https:\/\/www.tsyd.org.tr\/wp\/wp-content\/uploads\/2024\/07\/DSCF1225-1024x741.jpg 1024w, https:\/\/www.tsyd.org.tr\/wp\/wp-content\/uploads\/2024\/07\/DSCF1225-768x556.jpg 768w, https:\/\/www.tsyd.org.tr\/wp\/wp-content\/uploads\/2024\/07\/DSCF1225-1536x1112.jpg 1536w, https:\/\/www.tsyd.org.tr\/wp\/wp-content\/uploads\/2024\/07\/DSCF1225-2048x1483.jpg 2048w, https:\/\/www.tsyd.org.tr\/wp\/wp-content\/uploads\/2024\/07\/DSCF1225-580x420.jpg 580w, https:\/\/www.tsyd.org.tr\/wp\/wp-content\/uploads\/2024\/07\/DSCF1225-640x463.jpg 640w, https:\/\/www.tsyd.org.tr\/wp\/wp-content\/uploads\/2024\/07\/DSCF1225-681x493.jpg 681w\" sizes=\"auto, (max-width: 2560px) 100vw, 2560px\" \/> <img loading=\"lazy\" decoding=\"async\" class=\"aligncenter size-full wp-image-23635\" src=\"https:\/\/www.tsyd.org.tr\/wp\/wp-content\/uploads\/2024\/07\/DSCF1186-scaled.jpg\" alt=\"\" width=\"2560\" height=\"1665\" srcset=\"https:\/\/www.tsyd.org.tr\/wp\/wp-content\/uploads\/2024\/07\/DSCF1186-scaled.jpg 2560w, https:\/\/www.tsyd.org.tr\/wp\/wp-content\/uploads\/2024\/07\/DSCF1186-300x194.jpg 300w, https:\/\/www.tsyd.org.tr\/wp\/wp-content\/uploads\/2024\/07\/DSCF1186-1024x666.jpg 1024w, https:\/\/www.tsyd.org.tr\/wp\/wp-content\/uploads\/2024\/07\/DSCF1186-768x499.jpg 768w, https:\/\/www.tsyd.org.tr\/wp\/wp-content\/uploads\/2024\/07\/DSCF1186-1536x999.jpg 1536w, https:\/\/www.tsyd.org.tr\/wp\/wp-content\/uploads\/2024\/07\/DSCF1186-2048x1332.jpg 2048w, https:\/\/www.tsyd.org.tr\/wp\/wp-content\/uploads\/2024\/07\/DSCF1186-646x420.jpg 646w, https:\/\/www.tsyd.org.tr\/wp\/wp-content\/uploads\/2024\/07\/DSCF1186-640x416.jpg 640w, https:\/\/www.tsyd.org.tr\/wp\/wp-content\/uploads\/2024\/07\/DSCF1186-681x443.jpg 681w\" sizes=\"auto, (max-width: 2560px) 100vw, 2560px\" \/> <img loading=\"lazy\" decoding=\"async\" class=\"aligncenter size-full wp-image-23634\" src=\"https:\/\/www.tsyd.org.tr\/wp\/wp-content\/uploads\/2024\/07\/DSCF1148-scaled.jpg\" alt=\"\" width=\"2560\" height=\"1720\" srcset=\"https:\/\/www.tsyd.org.tr\/wp\/wp-content\/uploads\/2024\/07\/DSCF1148-scaled.jpg 2560w, https:\/\/www.tsyd.org.tr\/wp\/wp-content\/uploads\/2024\/07\/DSCF1148-300x202.jpg 300w, https:\/\/www.tsyd.org.tr\/wp\/wp-content\/uploads\/2024\/07\/DSCF1148-1024x688.jpg 1024w, https:\/\/www.tsyd.org.tr\/wp\/wp-content\/uploads\/2024\/07\/DSCF1148-768x516.jpg 768w, https:\/\/www.tsyd.org.tr\/wp\/wp-content\/uploads\/2024\/07\/DSCF1148-1536x1032.jpg 1536w, https:\/\/www.tsyd.org.tr\/wp\/wp-content\/uploads\/2024\/07\/DSCF1148-2048x1376.jpg 2048w, https:\/\/www.tsyd.org.tr\/wp\/wp-content\/uploads\/2024\/07\/DSCF1148-625x420.jpg 625w, https:\/\/www.tsyd.org.tr\/wp\/wp-content\/uploads\/2024\/07\/DSCF1148-537x360.jpg 537w, https:\/\/www.tsyd.org.tr\/wp\/wp-content\/uploads\/2024\/07\/DSCF1148-640x430.jpg 640w, https:\/\/www.tsyd.org.tr\/wp\/wp-content\/uploads\/2024\/07\/DSCF1148-681x458.jpg 681w\" sizes=\"auto, (max-width: 2560px) 100vw, 2560px\" \/><\/p>\n<p><img loading=\"lazy\" decoding=\"async\" class=\"aligncenter size-full wp-image-23639\" src=\"https:\/\/www.tsyd.org.tr\/wp\/wp-content\/uploads\/2024\/07\/64f6a659-edf0-483f-b72f-4b9bbfcc9f19.jpg\" alt=\"\" width=\"1198\" height=\"774\" srcset=\"https:\/\/www.tsyd.org.tr\/wp\/wp-content\/uploads\/2024\/07\/64f6a659-edf0-483f-b72f-4b9bbfcc9f19.jpg 1198w, https:\/\/www.tsyd.org.tr\/wp\/wp-content\/uploads\/2024\/07\/64f6a659-edf0-483f-b72f-4b9bbfcc9f19-300x194.jpg 300w, https:\/\/www.tsyd.org.tr\/wp\/wp-content\/uploads\/2024\/07\/64f6a659-edf0-483f-b72f-4b9bbfcc9f19-1024x662.jpg 1024w, https:\/\/www.tsyd.org.tr\/wp\/wp-content\/uploads\/2024\/07\/64f6a659-edf0-483f-b72f-4b9bbfcc9f19-768x496.jpg 768w, https:\/\/www.tsyd.org.tr\/wp\/wp-content\/uploads\/2024\/07\/64f6a659-edf0-483f-b72f-4b9bbfcc9f19-650x420.jpg 650w, https:\/\/www.tsyd.org.tr\/wp\/wp-content\/uploads\/2024\/07\/64f6a659-edf0-483f-b72f-4b9bbfcc9f19-341x220.jpg 341w, https:\/\/www.tsyd.org.tr\/wp\/wp-content\/uploads\/2024\/07\/64f6a659-edf0-483f-b72f-4b9bbfcc9f19-640x413.jpg 640w, https:\/\/www.tsyd.org.tr\/wp\/wp-content\/uploads\/2024\/07\/64f6a659-edf0-483f-b72f-4b9bbfcc9f19-681x440.jpg 681w\" sizes=\"auto, (max-width: 1198px) 100vw, 1198px\" \/><\/p>\n","protected":false},"excerpt":{"rendered":"<p>1.\u2019si d\u00fczenlenen TSYD G\u00f6rsel Yar\u0131\u015fmas\u0131\u2019n\u0131n \u00f6d\u00fclleri, TSYD Levent Tesisleri\u2019nde d\u00fczenlenen t\u00f6ren ile sahiplerine teslim edildi. H\u00fcseyin Yavuz\u2019un birinci, M\u00fcrsel \u00c7etin\u2019in ikinci ve \u015eaban K\u0131l\u0131\u00e7c\u0131\u2019n\u0131n \u00fc\u00e7\u00fcnc\u00fc oldu\u011fu yar\u0131\u015fman\u0131n \u00f6d\u00fcl t\u00f6reni 3 Temmuz ak\u015fam\u0131 ger\u00e7ekle\u015ftirildi. Euro2024\u2019te g\u00f6rev almas\u0131 nedeniyle geceye kat\u0131lamayan H\u00fcseyin Yavuz\u2019un plaketini, kendisi ad\u0131na y\u00f6netim kurulu \u00fcyemiz Ayg\u00fcn \u00d6zipek teslim ald\u0131. \u00d6d\u00fcl t\u00f6reni sonras\u0131 sahne [&hellip;]<\/p>\n","protected":false},"author":1,"featured_media":23637,"comment_status":"closed","ping_status":"closed","sticky":false,"template":"","format":"standard","meta":{"footnotes":""},"categories":[1],"tags":[],"class_list":["post-23632","post","type-post","status-publish","format-standard","has-post-thumbnail","hentry","category-genel"],"acf":[],"_links":{"self":[{"href":"https:\/\/www.tsyd.org.tr\/wp\/index.php?rest_route=\/wp\/v2\/posts\/23632","targetHints":{"allow":["GET"]}}],"collection":[{"href":"https:\/\/www.tsyd.org.tr\/wp\/index.php?rest_route=\/wp\/v2\/posts"}],"about":[{"href":"https:\/\/www.tsyd.org.tr\/wp\/index.php?rest_route=\/wp\/v2\/types\/post"}],"author":[{"embeddable":true,"href":"https:\/\/www.tsyd.org.tr\/wp\/index.php?rest_route=\/wp\/v2\/users\/1"}],"replies":[{"embeddable":true,"href":"https:\/\/www.tsyd.org.tr\/wp\/index.php?rest_route=%2Fwp%2Fv2%2Fcomments&post=23632"}],"version-history":[{"count":2,"href":"https:\/\/www.tsyd.org.tr\/wp\/index.php?rest_route=\/wp\/v2\/posts\/23632\/revisions"}],"predecessor-version":[{"id":23640,"href":"https:\/\/www.tsyd.org.tr\/wp\/index.php?rest_route=\/wp\/v2\/posts\/23632\/revisions\/23640"}],"wp:featuredmedia":[{"embeddable":true,"href":"https:\/\/www.tsyd.org.tr\/wp\/index.php?rest_route=\/wp\/v2\/media\/23637"}],"wp:attachment":[{"href":"https:\/\/www.tsyd.org.tr\/wp\/index.php?rest_route=%2Fwp%2Fv2%2Fmedia&parent=23632"}],"wp:term":[{"taxonomy":"category","embeddable":true,"href":"https:\/\/www.tsyd.org.tr\/wp\/index.php?rest_route=%2Fwp%2Fv2%2Fcategories&post=23632"},{"taxonomy":"post_tag","embeddable":true,"href":"https:\/\/www.tsyd.org.tr\/wp\/index.php?rest_route=%2Fwp%2Fv2%2Ftags&post=23632"}],"curies":[{"name":"wp","href":"https:\/\/api.w.org\/{rel}","templated":true}]}}