{"id":23655,"date":"2024-07-12T12:01:24","date_gmt":"2024-07-12T09:01:24","guid":{"rendered":"https:\/\/www.tsyd.org.tr\/wp\/?p=23655"},"modified":"2024-07-12T12:02:21","modified_gmt":"2024-07-12T09:02:21","slug":"tsyd-samsun-subeden-ziyaret-turu","status":"publish","type":"post","link":"https:\/\/www.tsyd.org.tr\/wp\/?p=23655","title":{"rendered":"TSYD Samsun \u015eube&#8217;den Ziyaret Turu"},"content":{"rendered":"<p><em>T\u00fcrkiye Spor Yazarlar\u0131 Derne\u011fi Samsun \u015eube y\u00f6netimi, \u0130lkad\u0131m Belediye Ba\u015fkan\u0131 \u0130hsan Kurnaz, y\u0131llard\u0131r sporun i\u00e7inde olan \u0130lkad\u0131m Belediye Ba\u015fkan Yard\u0131mc\u0131s\u0131 \u0130brahim G\u00fcven ve TFF Samsun B\u00f6lge M\u00fcd\u00fcr\u00fc Haluk Tan&#8217;a hay\u0131rl\u0131 olsun ziyareti ger\u00e7ekle\u015ftirdi<\/em><\/p>\n<p>T\u00fcrkiye Spor Yazarlar\u0131 Derne\u011fi Samsun \u015eube y\u00f6netimi, bir dizi ziyaretlerle g\u00f6reve geldikten sonra yapt\u0131klar\u0131 \u00e7al\u0131\u015fmalar\u0131n\u0131 ve her aya yayd\u0131klar\u0131 projelerini Samsun kamuoyuyla payla\u015fmaya devam ediyor. <\/p>\n<p>TSYD Samsun \u015eube Ba\u015fkan\u0131 Murat Sand\u0131k\u00e7\u0131 ve y\u00f6netim kurulu \u00fcyeleri, \u0130lkad\u0131m Belediye Ba\u015fkan\u0131 \u0130hsan Kurnaz, y\u0131llard\u0131r sporun i\u00e7inde yer alan eski TFF Samsun B\u00f6lge M\u00fcd\u00fcr\u00fc \u0130lkad\u0131m Belediye Ba\u015fkan Yard\u0131mc\u0131s\u0131 \u0130brahim G\u00fcven ve T\u00fcrkiye Futbol Federasyonu Samsun B\u00f6lge M\u00fcd\u00fcr\u00fc g\u00f6revine getirilen Haluk Tan&#8217;a hay\u0131rl\u0131 olsun ziyaretinde bulundu. <\/p>\n<p>MURAT SANDIK\u00c7I<br \/>\nPROJELER\u0130 ANLATTI<br \/>\nOlduk\u00e7a samimi bir ortamda ger\u00e7ekle\u015fen ziyaretlerde Ba\u015fkan Sand\u0131k\u00e7\u0131 ve beraberindekiler, g\u00f6reve geldikten sonra yapt\u0131klar\u0131 \u00e7al\u0131\u015fmalar\u0131 ve her aya yayd\u0131klar\u0131 projelerini aktard\u0131. Samsun spor medyas\u0131n\u0131n daha da g\u00fc\u00e7l\u00fc hale gelmesi ad\u0131na projeler haz\u0131rlad\u0131klar\u0131n\u0131 ifade eden Ba\u015fkan Sand\u0131k\u00e7\u0131, &#8220;Samsun&#8217;un t\u00fcm spor payda\u015flar\u0131yla birlikte g\u00fczel i\u015flere imza atmak istiyoruz&#8221; dedi. <\/p>\n<p>BA\u015eKAN \u0130HSAN KURNAZ<br \/>\nY\u00d6NET\u0130ME BA\u015eARI D\u0130LED\u0130<br \/>\nTSYD&#8217;nin \u00e7ok de\u011ferli bir kurum oldu\u011funa i\u015faret eden \u0130lkad\u0131m Belediye Ba\u015fkan\u0131 \u0130hsan Kurnaz ise, &#8220;Samsun medyas\u0131 \u00e7ok g\u00fc\u00e7l\u00fc. Spor medyas\u0131 da bir o kadar s\u00f6z sahibi. Ortak de\u011fer Samsun ve Samsunspor olmak kayd\u0131yla bizler de yap\u0131lacak her projede yer alaca\u011f\u0131z. Murat Sand\u0131k\u00e7\u0131 ba\u015fkanl\u0131\u011f\u0131yla olu\u015fan yeni y\u00f6netime g\u00f6revlerinde ba\u015far\u0131lar diliyorum&#8221; diye konu\u015ftu. <\/p>\n<p><img loading=\"lazy\" decoding=\"async\" src=\"https:\/\/www.tsyd.org.tr\/wp\/wp-content\/uploads\/2024\/07\/Samsun-Haber-2.jpeg\" alt=\"\" width=\"2040\" height=\"1536\" class=\"aligncenter size-full wp-image-23656\" srcset=\"https:\/\/www.tsyd.org.tr\/wp\/wp-content\/uploads\/2024\/07\/Samsun-Haber-2.jpeg 2040w, https:\/\/www.tsyd.org.tr\/wp\/wp-content\/uploads\/2024\/07\/Samsun-Haber-2-300x226.jpeg 300w, https:\/\/www.tsyd.org.tr\/wp\/wp-content\/uploads\/2024\/07\/Samsun-Haber-2-1024x771.jpeg 1024w, https:\/\/www.tsyd.org.tr\/wp\/wp-content\/uploads\/2024\/07\/Samsun-Haber-2-768x578.jpeg 768w, https:\/\/www.tsyd.org.tr\/wp\/wp-content\/uploads\/2024\/07\/Samsun-Haber-2-1536x1157.jpeg 1536w, https:\/\/www.tsyd.org.tr\/wp\/wp-content\/uploads\/2024\/07\/Samsun-Haber-2-558x420.jpeg 558w, https:\/\/www.tsyd.org.tr\/wp\/wp-content\/uploads\/2024\/07\/Samsun-Haber-2-80x60.jpeg 80w, https:\/\/www.tsyd.org.tr\/wp\/wp-content\/uploads\/2024\/07\/Samsun-Haber-2-100x75.jpeg 100w, https:\/\/www.tsyd.org.tr\/wp\/wp-content\/uploads\/2024\/07\/Samsun-Haber-2-180x135.jpeg 180w, https:\/\/www.tsyd.org.tr\/wp\/wp-content\/uploads\/2024\/07\/Samsun-Haber-2-238x178.jpeg 238w, https:\/\/www.tsyd.org.tr\/wp\/wp-content\/uploads\/2024\/07\/Samsun-Haber-2-640x482.jpeg 640w, https:\/\/www.tsyd.org.tr\/wp\/wp-content\/uploads\/2024\/07\/Samsun-Haber-2-681x513.jpeg 681w\" sizes=\"auto, (max-width: 2040px) 100vw, 2040px\" \/><\/p>\n<p>TAN: B\u00d6LGE FUTBOLUNU<br \/>\nAYA\u011eA KALDIRMAK \u0130ST\u0130YORUZ<br \/>\nT\u00fcrkiye Futbol Federasyonu Samsun B\u00f6lge M\u00fcd\u00fcr\u00fc Haluk Tan da TFF&#8217;nin yap\u0131s\u0131 ve \u00e7al\u0131\u015fmalar\u0131n\u0131 aktard\u0131\u011f\u0131 ziyarette, &#8220;Bizler y\u0131llard\u0131r Samsun spor kamuoyu i\u00e7erisinde yer al\u0131yoruz. \u015eu anda da \u015fahs\u0131ma b\u00f6yle bir g\u00f6rev lay\u0131k g\u00f6r\u00fcld\u00fc. Samsun ve b\u00f6lge futbolunun aya\u011fa kalkmas\u0131 ad\u0131na TFF Samsun b\u00f6lgede g\u00f6revli arkada\u015flar\u0131m\u0131zla birlikte \u00f6zverili \u00e7al\u0131\u015fmalar y\u00fcr\u00fctece\u011fiz&#8221; dedi.<\/p>\n","protected":false},"excerpt":{"rendered":"<p>T\u00fcrkiye Spor Yazarlar\u0131 Derne\u011fi Samsun \u015eube y\u00f6netimi, \u0130lkad\u0131m Belediye Ba\u015fkan\u0131 \u0130hsan Kurnaz, y\u0131llard\u0131r sporun i\u00e7inde olan \u0130lkad\u0131m Belediye Ba\u015fkan Yard\u0131mc\u0131s\u0131 \u0130brahim G\u00fcven ve TFF Samsun B\u00f6lge M\u00fcd\u00fcr\u00fc Haluk Tan&#8217;a hay\u0131rl\u0131 olsun ziyareti ger\u00e7ekle\u015ftirdi T\u00fcrkiye Spor Yazarlar\u0131 Derne\u011fi Samsun \u015eube y\u00f6netimi, bir dizi ziyaretlerle g\u00f6reve geldikten sonra yapt\u0131klar\u0131 \u00e7al\u0131\u015fmalar\u0131n\u0131 ve her aya yayd\u0131klar\u0131 projelerini Samsun kamuoyuyla [&hellip;]<\/p>\n","protected":false},"author":1,"featured_media":23657,"comment_status":"closed","ping_status":"closed","sticky":false,"template":"","format":"standard","meta":{"footnotes":""},"categories":[1],"tags":[],"class_list":["post-23655","post","type-post","status-publish","format-standard","has-post-thumbnail","hentry","category-genel"],"acf":[],"_links":{"self":[{"href":"https:\/\/www.tsyd.org.tr\/wp\/index.php?rest_route=\/wp\/v2\/posts\/23655","targetHints":{"allow":["GET"]}}],"collection":[{"href":"https:\/\/www.tsyd.org.tr\/wp\/index.php?rest_route=\/wp\/v2\/posts"}],"about":[{"href":"https:\/\/www.tsyd.org.tr\/wp\/index.php?rest_route=\/wp\/v2\/types\/post"}],"author":[{"embeddable":true,"href":"https:\/\/www.tsyd.org.tr\/wp\/index.php?rest_route=\/wp\/v2\/users\/1"}],"replies":[{"embeddable":true,"href":"https:\/\/www.tsyd.org.tr\/wp\/index.php?rest_route=%2Fwp%2Fv2%2Fcomments&post=23655"}],"version-history":[{"count":2,"href":"https:\/\/www.tsyd.org.tr\/wp\/index.php?rest_route=\/wp\/v2\/posts\/23655\/revisions"}],"predecessor-version":[{"id":23659,"href":"https:\/\/www.tsyd.org.tr\/wp\/index.php?rest_route=\/wp\/v2\/posts\/23655\/revisions\/23659"}],"wp:featuredmedia":[{"embeddable":true,"href":"https:\/\/www.tsyd.org.tr\/wp\/index.php?rest_route=\/wp\/v2\/media\/23657"}],"wp:attachment":[{"href":"https:\/\/www.tsyd.org.tr\/wp\/index.php?rest_route=%2Fwp%2Fv2%2Fmedia&parent=23655"}],"wp:term":[{"taxonomy":"category","embeddable":true,"href":"https:\/\/www.tsyd.org.tr\/wp\/index.php?rest_route=%2Fwp%2Fv2%2Fcategories&post=23655"},{"taxonomy":"post_tag","embeddable":true,"href":"https:\/\/www.tsyd.org.tr\/wp\/index.php?rest_route=%2Fwp%2Fv2%2Ftags&post=23655"}],"curies":[{"name":"wp","href":"https:\/\/api.w.org\/{rel}","templated":true}]}}