{"id":23680,"date":"2024-07-30T16:16:16","date_gmt":"2024-07-30T13:16:16","guid":{"rendered":"https:\/\/www.tsyd.org.tr\/wp\/?p=23680"},"modified":"2024-07-30T16:16:52","modified_gmt":"2024-07-30T13:16:52","slug":"tsyd-samsun-subesinden-fotograf-sergisi","status":"publish","type":"post","link":"https:\/\/www.tsyd.org.tr\/wp\/?p=23680","title":{"rendered":"TSYD Samsun \u015eubesi\u2019nden Foto\u011fraf Sergisi"},"content":{"rendered":"<p>TSYD Samsun \u015eubesi, Samsunspor&#8217;un, 11 y\u0131l aradan sonra \u00e7\u0131kt\u0131\u011f\u0131 S\u00fcper Lig\u2019de bir sezon boyunca oynad\u0131\u011f\u0131 ma\u00e7larda \u00e7ekilen foto\u011fraflar\u0131ndan sergi a\u00e7t\u0131.<\/p>\n<p>T\u00fcrkiye Spor Yazarlar\u0131 Derne\u011fi (TSYD) Samsun \u015eubesi taraf\u0131ndan d\u00fczenlenen sergi T\u00fct\u00fcn \u0130skelesi&#8217;nde a\u00e7\u0131ld\u0131. Futbolcular\u0131n ve taraftarlar\u0131n gol sevin\u00e7lerinin ve ma\u00e7 pozisyonlar\u0131n\u0131n objektife yans\u0131d\u0131\u011f\u0131 40 kare, sergide yer ald\u0131. TSYD Samsunspor Foto\u011fraf Sergisi&#8217;nin a\u00e7\u0131l\u0131\u015f\u0131nda konu\u015fan, \u015eube Ba\u015fkan\u0131 Murat Sand\u0131k\u00e7\u0131, sergiyi geleneksel hale getirmek istediklerini s\u00f6yleyerek, &#8220;Bu sergide, 2023-2024 futbol sezonunda gazeteci arkada\u015flar\u0131m\u0131z\u0131n Samsunspor ma\u00e7lar\u0131nda \u00e7ekti\u011fi foto\u011fraflar yer al\u0131yor. Ya\u011fmurda, \u00e7amurda, g\u00fcne\u015fli havada, so\u011fukta ve r\u00fczgarl\u0131 havalarda b\u00fcy\u00fck fedakarl\u0131klarla \u00e7ekilen bu foto\u011fraflar\u0131 sergiliyoruz&#8221; dedi.<\/p>\n<p>Serginin a\u00e7\u0131l\u0131\u015f\u0131na \u0130lkad\u0131m Belediye Ba\u015fkan\u0131 \u0130hsan Kurnaz, \u0130lkad\u0131m Belediye Ba\u015fkan Yard\u0131mc\u0131s\u0131 \u0130brahim G\u00fcven, Tekkek\u00f6y Belediye Ba\u015fkan\u0131 Mustafa Candal, Samsunspor \u0130cra Kurulu \u00dcyesi Suat \u00c7ak\u0131r, Gen\u00e7lik Spor \u0130l M\u00fcd\u00fcr\u00fc Feyzullah Dereci, TFF Samsun B\u00f6lge M\u00fcd\u00fcr\u00fc Haluk Tan, MHP Samsun \u0130l Ba\u015fkan\u0131 Burhan Mucur, Bas\u0131n \u0130lan Kurumu Samsun \u015eube M\u00fcd\u00fcr\u00fc Mustafa Bayraktar, Cumhurba\u015fkanl\u0131\u011f\u0131 \u0130leti\u015fim Ba\u015fkanl\u0131\u011f\u0131 Samsun B\u00f6lge M\u00fcd\u00fcr\u00fc Ebu Bekir Ayranc\u0131, Samsun Eczac\u0131lar Odas\u0131 Ba\u015fkan\u0131 Onur Ferhat Karacan, Samsun 19 May\u0131s Gazeteciler Cemiyeti Ba\u015fkan\u0131 Yusuf Ziya \u00c7ak\u0131r ve TSYD Samsun \u015eube y\u00f6netim ve \u00fcyeleri kat\u0131ld\u0131.<\/p>\n<p><img loading=\"lazy\" decoding=\"async\" src=\"https:\/\/www.tsyd.org.tr\/wp\/wp-content\/uploads\/2024\/07\/3af8f49e-bf85-4585-a119-838112deeb74.jpg\" alt=\"\" width=\"1600\" height=\"1066\" class=\"aligncenter size-full wp-image-23681\" srcset=\"https:\/\/www.tsyd.org.tr\/wp\/wp-content\/uploads\/2024\/07\/3af8f49e-bf85-4585-a119-838112deeb74.jpg 1600w, https:\/\/www.tsyd.org.tr\/wp\/wp-content\/uploads\/2024\/07\/3af8f49e-bf85-4585-a119-838112deeb74-300x200.jpg 300w, https:\/\/www.tsyd.org.tr\/wp\/wp-content\/uploads\/2024\/07\/3af8f49e-bf85-4585-a119-838112deeb74-1024x682.jpg 1024w, https:\/\/www.tsyd.org.tr\/wp\/wp-content\/uploads\/2024\/07\/3af8f49e-bf85-4585-a119-838112deeb74-768x512.jpg 768w, https:\/\/www.tsyd.org.tr\/wp\/wp-content\/uploads\/2024\/07\/3af8f49e-bf85-4585-a119-838112deeb74-1536x1023.jpg 1536w, https:\/\/www.tsyd.org.tr\/wp\/wp-content\/uploads\/2024\/07\/3af8f49e-bf85-4585-a119-838112deeb74-630x420.jpg 630w, https:\/\/www.tsyd.org.tr\/wp\/wp-content\/uploads\/2024\/07\/3af8f49e-bf85-4585-a119-838112deeb74-640x426.jpg 640w, https:\/\/www.tsyd.org.tr\/wp\/wp-content\/uploads\/2024\/07\/3af8f49e-bf85-4585-a119-838112deeb74-681x454.jpg 681w\" sizes=\"auto, (max-width: 1600px) 100vw, 1600px\" \/><\/p>\n<p><img loading=\"lazy\" decoding=\"async\" src=\"https:\/\/www.tsyd.org.tr\/wp\/wp-content\/uploads\/2024\/07\/38a5d093-12ad-4940-bcb2-f0dcce0b3140.jpg\" alt=\"\" width=\"1600\" height=\"1066\" class=\"aligncenter size-full wp-image-23682\" srcset=\"https:\/\/www.tsyd.org.tr\/wp\/wp-content\/uploads\/2024\/07\/38a5d093-12ad-4940-bcb2-f0dcce0b3140.jpg 1600w, https:\/\/www.tsyd.org.tr\/wp\/wp-content\/uploads\/2024\/07\/38a5d093-12ad-4940-bcb2-f0dcce0b3140-300x200.jpg 300w, https:\/\/www.tsyd.org.tr\/wp\/wp-content\/uploads\/2024\/07\/38a5d093-12ad-4940-bcb2-f0dcce0b3140-1024x682.jpg 1024w, https:\/\/www.tsyd.org.tr\/wp\/wp-content\/uploads\/2024\/07\/38a5d093-12ad-4940-bcb2-f0dcce0b3140-768x512.jpg 768w, https:\/\/www.tsyd.org.tr\/wp\/wp-content\/uploads\/2024\/07\/38a5d093-12ad-4940-bcb2-f0dcce0b3140-1536x1023.jpg 1536w, https:\/\/www.tsyd.org.tr\/wp\/wp-content\/uploads\/2024\/07\/38a5d093-12ad-4940-bcb2-f0dcce0b3140-630x420.jpg 630w, https:\/\/www.tsyd.org.tr\/wp\/wp-content\/uploads\/2024\/07\/38a5d093-12ad-4940-bcb2-f0dcce0b3140-640x426.jpg 640w, https:\/\/www.tsyd.org.tr\/wp\/wp-content\/uploads\/2024\/07\/38a5d093-12ad-4940-bcb2-f0dcce0b3140-681x454.jpg 681w\" sizes=\"auto, (max-width: 1600px) 100vw, 1600px\" \/><\/p>\n<p><img loading=\"lazy\" decoding=\"async\" src=\"https:\/\/www.tsyd.org.tr\/wp\/wp-content\/uploads\/2024\/07\/50f52ab3-38c6-4ebb-bcde-0add0b597192.jpg\" alt=\"\" width=\"1600\" height=\"977\" class=\"aligncenter size-full wp-image-23683\" srcset=\"https:\/\/www.tsyd.org.tr\/wp\/wp-content\/uploads\/2024\/07\/50f52ab3-38c6-4ebb-bcde-0add0b597192.jpg 1600w, https:\/\/www.tsyd.org.tr\/wp\/wp-content\/uploads\/2024\/07\/50f52ab3-38c6-4ebb-bcde-0add0b597192-300x183.jpg 300w, https:\/\/www.tsyd.org.tr\/wp\/wp-content\/uploads\/2024\/07\/50f52ab3-38c6-4ebb-bcde-0add0b597192-1024x625.jpg 1024w, https:\/\/www.tsyd.org.tr\/wp\/wp-content\/uploads\/2024\/07\/50f52ab3-38c6-4ebb-bcde-0add0b597192-768x469.jpg 768w, https:\/\/www.tsyd.org.tr\/wp\/wp-content\/uploads\/2024\/07\/50f52ab3-38c6-4ebb-bcde-0add0b597192-1536x938.jpg 1536w, https:\/\/www.tsyd.org.tr\/wp\/wp-content\/uploads\/2024\/07\/50f52ab3-38c6-4ebb-bcde-0add0b597192-688x420.jpg 688w, https:\/\/www.tsyd.org.tr\/wp\/wp-content\/uploads\/2024\/07\/50f52ab3-38c6-4ebb-bcde-0add0b597192-640x391.jpg 640w, https:\/\/www.tsyd.org.tr\/wp\/wp-content\/uploads\/2024\/07\/50f52ab3-38c6-4ebb-bcde-0add0b597192-681x416.jpg 681w\" sizes=\"auto, (max-width: 1600px) 100vw, 1600px\" \/><\/p>\n<p><img loading=\"lazy\" decoding=\"async\" src=\"https:\/\/www.tsyd.org.tr\/wp\/wp-content\/uploads\/2024\/07\/a02a2053-d234-48c0-8190-980e20fd2a83.jpg\" alt=\"\" width=\"1275\" height=\"1200\" class=\"aligncenter size-full wp-image-23684\" srcset=\"https:\/\/www.tsyd.org.tr\/wp\/wp-content\/uploads\/2024\/07\/a02a2053-d234-48c0-8190-980e20fd2a83.jpg 1275w, https:\/\/www.tsyd.org.tr\/wp\/wp-content\/uploads\/2024\/07\/a02a2053-d234-48c0-8190-980e20fd2a83-300x282.jpg 300w, https:\/\/www.tsyd.org.tr\/wp\/wp-content\/uploads\/2024\/07\/a02a2053-d234-48c0-8190-980e20fd2a83-1024x964.jpg 1024w, https:\/\/www.tsyd.org.tr\/wp\/wp-content\/uploads\/2024\/07\/a02a2053-d234-48c0-8190-980e20fd2a83-768x723.jpg 768w, https:\/\/www.tsyd.org.tr\/wp\/wp-content\/uploads\/2024\/07\/a02a2053-d234-48c0-8190-980e20fd2a83-446x420.jpg 446w, https:\/\/www.tsyd.org.tr\/wp\/wp-content\/uploads\/2024\/07\/a02a2053-d234-48c0-8190-980e20fd2a83-640x602.jpg 640w, https:\/\/www.tsyd.org.tr\/wp\/wp-content\/uploads\/2024\/07\/a02a2053-d234-48c0-8190-980e20fd2a83-681x641.jpg 681w\" sizes=\"auto, (max-width: 1275px) 100vw, 1275px\" \/><\/p>\n<p><img loading=\"lazy\" decoding=\"async\" src=\"https:\/\/www.tsyd.org.tr\/wp\/wp-content\/uploads\/2024\/07\/d3164047-c5ff-46c2-aa01-d26e1ed60d5f.jpg\" alt=\"\" width=\"1600\" height=\"939\" class=\"aligncenter size-full wp-image-23685\" srcset=\"https:\/\/www.tsyd.org.tr\/wp\/wp-content\/uploads\/2024\/07\/d3164047-c5ff-46c2-aa01-d26e1ed60d5f.jpg 1600w, https:\/\/www.tsyd.org.tr\/wp\/wp-content\/uploads\/2024\/07\/d3164047-c5ff-46c2-aa01-d26e1ed60d5f-300x176.jpg 300w, https:\/\/www.tsyd.org.tr\/wp\/wp-content\/uploads\/2024\/07\/d3164047-c5ff-46c2-aa01-d26e1ed60d5f-1024x601.jpg 1024w, https:\/\/www.tsyd.org.tr\/wp\/wp-content\/uploads\/2024\/07\/d3164047-c5ff-46c2-aa01-d26e1ed60d5f-768x451.jpg 768w, https:\/\/www.tsyd.org.tr\/wp\/wp-content\/uploads\/2024\/07\/d3164047-c5ff-46c2-aa01-d26e1ed60d5f-1536x901.jpg 1536w, https:\/\/www.tsyd.org.tr\/wp\/wp-content\/uploads\/2024\/07\/d3164047-c5ff-46c2-aa01-d26e1ed60d5f-716x420.jpg 716w, https:\/\/www.tsyd.org.tr\/wp\/wp-content\/uploads\/2024\/07\/d3164047-c5ff-46c2-aa01-d26e1ed60d5f-640x376.jpg 640w, https:\/\/www.tsyd.org.tr\/wp\/wp-content\/uploads\/2024\/07\/d3164047-c5ff-46c2-aa01-d26e1ed60d5f-681x400.jpg 681w\" sizes=\"auto, (max-width: 1600px) 100vw, 1600px\" \/><\/p>\n","protected":false},"excerpt":{"rendered":"<p>TSYD Samsun \u015eubesi, Samsunspor&#8217;un, 11 y\u0131l aradan sonra \u00e7\u0131kt\u0131\u011f\u0131 S\u00fcper Lig\u2019de bir sezon boyunca oynad\u0131\u011f\u0131 ma\u00e7larda \u00e7ekilen foto\u011fraflar\u0131ndan sergi a\u00e7t\u0131. T\u00fcrkiye Spor Yazarlar\u0131 Derne\u011fi (TSYD) Samsun \u015eubesi taraf\u0131ndan d\u00fczenlenen sergi T\u00fct\u00fcn \u0130skelesi&#8217;nde a\u00e7\u0131ld\u0131. Futbolcular\u0131n ve taraftarlar\u0131n gol sevin\u00e7lerinin ve ma\u00e7 pozisyonlar\u0131n\u0131n objektife yans\u0131d\u0131\u011f\u0131 40 kare, sergide yer ald\u0131. TSYD Samsunspor Foto\u011fraf Sergisi&#8217;nin a\u00e7\u0131l\u0131\u015f\u0131nda konu\u015fan, \u015eube [&hellip;]<\/p>\n","protected":false},"author":1,"featured_media":23686,"comment_status":"closed","ping_status":"closed","sticky":false,"template":"","format":"standard","meta":{"footnotes":""},"categories":[1],"tags":[],"class_list":["post-23680","post","type-post","status-publish","format-standard","has-post-thumbnail","hentry","category-genel"],"acf":[],"_links":{"self":[{"href":"https:\/\/www.tsyd.org.tr\/wp\/index.php?rest_route=\/wp\/v2\/posts\/23680","targetHints":{"allow":["GET"]}}],"collection":[{"href":"https:\/\/www.tsyd.org.tr\/wp\/index.php?rest_route=\/wp\/v2\/posts"}],"about":[{"href":"https:\/\/www.tsyd.org.tr\/wp\/index.php?rest_route=\/wp\/v2\/types\/post"}],"author":[{"embeddable":true,"href":"https:\/\/www.tsyd.org.tr\/wp\/index.php?rest_route=\/wp\/v2\/users\/1"}],"replies":[{"embeddable":true,"href":"https:\/\/www.tsyd.org.tr\/wp\/index.php?rest_route=%2Fwp%2Fv2%2Fcomments&post=23680"}],"version-history":[{"count":2,"href":"https:\/\/www.tsyd.org.tr\/wp\/index.php?rest_route=\/wp\/v2\/posts\/23680\/revisions"}],"predecessor-version":[{"id":23688,"href":"https:\/\/www.tsyd.org.tr\/wp\/index.php?rest_route=\/wp\/v2\/posts\/23680\/revisions\/23688"}],"wp:featuredmedia":[{"embeddable":true,"href":"https:\/\/www.tsyd.org.tr\/wp\/index.php?rest_route=\/wp\/v2\/media\/23686"}],"wp:attachment":[{"href":"https:\/\/www.tsyd.org.tr\/wp\/index.php?rest_route=%2Fwp%2Fv2%2Fmedia&parent=23680"}],"wp:term":[{"taxonomy":"category","embeddable":true,"href":"https:\/\/www.tsyd.org.tr\/wp\/index.php?rest_route=%2Fwp%2Fv2%2Fcategories&post=23680"},{"taxonomy":"post_tag","embeddable":true,"href":"https:\/\/www.tsyd.org.tr\/wp\/index.php?rest_route=%2Fwp%2Fv2%2Ftags&post=23680"}],"curies":[{"name":"wp","href":"https:\/\/api.w.org\/{rel}","templated":true}]}}