{"id":23880,"date":"2024-10-29T01:41:41","date_gmt":"2024-10-28T22:41:41","guid":{"rendered":"https:\/\/www.tsyd.org.tr\/wp\/?p=23880"},"modified":"2024-10-29T09:19:57","modified_gmt":"2024-10-29T06:19:57","slug":"tsydden-emre-kaplana-yapilan-saldiriya-kinama","status":"publish","type":"post","link":"https:\/\/www.tsyd.org.tr\/wp\/?p=23880","title":{"rendered":"TSYD\u2019den Emre Kaplan\u2019a Yap\u0131lan Sald\u0131r\u0131ya K\u0131nama"},"content":{"rendered":"<p>A Spor muhabiri Emre Kaplan\u2019\u0131n, Galatasaray-Be\u015fikta\u015f ma\u00e7\u0131 sonras\u0131 bas\u0131n toplant\u0131s\u0131 esnas\u0131nda bir tak\u0131m ki\u015filer taraf\u0131ndan g\u00f6r\u00fc\u015fme talebiyle \u00e7a\u011f\u0131r\u0131l\u0131p, Be\u015fikta\u015f Ba\u015fkan\u0131 Hasan Arat\u2019\u0131n \u015fof\u00f6r\u00fc &#8211; korumas\u0131 Sezgin G\u00fclnar taraf\u0131ndan yumruklanmak suretiyle darp edildi\u011fini, neticesinde burnundan ciddi \u015fekilde yaraland\u0131\u011f\u0131n\u0131 b\u00fcy\u00fck bir \u00fcz\u00fcnt\u00fcyle \u00f6\u011frenmi\u015f bulunmaktay\u0131z. Emre Kaplan\u2019a at\u0131lan bu yumru\u011fu, bas\u0131n \u00f6zg\u00fcrl\u00fc\u011f\u00fcne ve hepimize at\u0131lm\u0131\u015f kabul edip \u015fiddetle k\u0131n\u0131yoruz. Her gazetecinin yan\u0131nda, gazeteciye kalkan her elin kar\u015f\u0131s\u0131nda olan T\u00fcrkiye Spor Yazarlar\u0131 Derne\u011fi\u2019nin bu \u00e7irkin sald\u0131r\u0131n\u0131n takip\u00e7isi olaca\u011f\u0131n\u0131 bildiriyor, Emre Kaplan\u2019a acil \u015fifalar diliyoruz.<\/p>\n<p>TSYD Y\u00f6netim Kurulu<\/p>\n","protected":false},"excerpt":{"rendered":"<p>A Spor muhabiri Emre Kaplan\u2019\u0131n, Galatasaray-Be\u015fikta\u015f ma\u00e7\u0131 sonras\u0131 bas\u0131n toplant\u0131s\u0131 esnas\u0131nda bir tak\u0131m ki\u015filer taraf\u0131ndan g\u00f6r\u00fc\u015fme talebiyle \u00e7a\u011f\u0131r\u0131l\u0131p, Be\u015fikta\u015f Ba\u015fkan\u0131 Hasan Arat\u2019\u0131n \u015fof\u00f6r\u00fc &#8211; korumas\u0131 Sezgin G\u00fclnar taraf\u0131ndan yumruklanmak suretiyle darp edildi\u011fini, neticesinde burnundan ciddi \u015fekilde yaraland\u0131\u011f\u0131n\u0131 b\u00fcy\u00fck bir \u00fcz\u00fcnt\u00fcyle \u00f6\u011frenmi\u015f bulunmaktay\u0131z. Emre Kaplan\u2019a at\u0131lan bu yumru\u011fu, bas\u0131n \u00f6zg\u00fcrl\u00fc\u011f\u00fcne ve hepimize at\u0131lm\u0131\u015f kabul edip \u015fiddetle [&hellip;]<\/p>\n","protected":false},"author":1,"featured_media":23881,"comment_status":"closed","ping_status":"closed","sticky":false,"template":"","format":"standard","meta":{"footnotes":""},"categories":[1],"tags":[],"class_list":["post-23880","post","type-post","status-publish","format-standard","has-post-thumbnail","hentry","category-genel"],"acf":[],"_links":{"self":[{"href":"https:\/\/www.tsyd.org.tr\/wp\/index.php?rest_route=\/wp\/v2\/posts\/23880","targetHints":{"allow":["GET"]}}],"collection":[{"href":"https:\/\/www.tsyd.org.tr\/wp\/index.php?rest_route=\/wp\/v2\/posts"}],"about":[{"href":"https:\/\/www.tsyd.org.tr\/wp\/index.php?rest_route=\/wp\/v2\/types\/post"}],"author":[{"embeddable":true,"href":"https:\/\/www.tsyd.org.tr\/wp\/index.php?rest_route=\/wp\/v2\/users\/1"}],"replies":[{"embeddable":true,"href":"https:\/\/www.tsyd.org.tr\/wp\/index.php?rest_route=%2Fwp%2Fv2%2Fcomments&post=23880"}],"version-history":[{"count":3,"href":"https:\/\/www.tsyd.org.tr\/wp\/index.php?rest_route=\/wp\/v2\/posts\/23880\/revisions"}],"predecessor-version":[{"id":23884,"href":"https:\/\/www.tsyd.org.tr\/wp\/index.php?rest_route=\/wp\/v2\/posts\/23880\/revisions\/23884"}],"wp:featuredmedia":[{"embeddable":true,"href":"https:\/\/www.tsyd.org.tr\/wp\/index.php?rest_route=\/wp\/v2\/media\/23881"}],"wp:attachment":[{"href":"https:\/\/www.tsyd.org.tr\/wp\/index.php?rest_route=%2Fwp%2Fv2%2Fmedia&parent=23880"}],"wp:term":[{"taxonomy":"category","embeddable":true,"href":"https:\/\/www.tsyd.org.tr\/wp\/index.php?rest_route=%2Fwp%2Fv2%2Fcategories&post=23880"},{"taxonomy":"post_tag","embeddable":true,"href":"https:\/\/www.tsyd.org.tr\/wp\/index.php?rest_route=%2Fwp%2Fv2%2Ftags&post=23880"}],"curies":[{"name":"wp","href":"https:\/\/api.w.org\/{rel}","templated":true}]}}