{"id":23885,"date":"2024-10-29T11:00:22","date_gmt":"2024-10-29T08:00:22","guid":{"rendered":"https:\/\/www.tsyd.org.tr\/wp\/?p=23885"},"modified":"2024-10-29T11:00:22","modified_gmt":"2024-10-29T08:00:22","slug":"cumhuriyetin-101-yili","status":"publish","type":"post","link":"https:\/\/www.tsyd.org.tr\/wp\/?p=23885","title":{"rendered":"Cumhuriyet&#8217;in 101. Y\u0131l\u0131"},"content":{"rendered":"<p>Cumhuriyetimizin 101\u2019inci y\u0131l\u0131n\u0131 b\u00fcy\u00fck bir co\u015fkuyla kutluyor, Ulu \u00d6nder Mustafa Kemal Atat\u00fcrk ve silah arkada\u015flar\u0131n\u0131n manevi huzurunda \u00f6zlem ve sayg\u0131yla e\u011filiyoruz. D\u00fcnya d\u00f6nd\u00fck\u00e7e T\u00fcrkiye Cumhuriyeti de var olacakt\u0131r. Ya\u015fas\u0131n Cumhuriyet.<\/p>\n<p>TSYD<\/p>\n","protected":false},"excerpt":{"rendered":"<p>Cumhuriyetimizin 101\u2019inci y\u0131l\u0131n\u0131 b\u00fcy\u00fck bir co\u015fkuyla kutluyor, Ulu \u00d6nder Mustafa Kemal Atat\u00fcrk ve silah arkada\u015flar\u0131n\u0131n manevi huzurunda \u00f6zlem ve sayg\u0131yla e\u011filiyoruz. D\u00fcnya d\u00f6nd\u00fck\u00e7e T\u00fcrkiye Cumhuriyeti de var olacakt\u0131r. Ya\u015fas\u0131n Cumhuriyet. TSYD<\/p>\n","protected":false},"author":1,"featured_media":23886,"comment_status":"closed","ping_status":"closed","sticky":false,"template":"","format":"standard","meta":{"footnotes":""},"categories":[1],"tags":[],"class_list":["post-23885","post","type-post","status-publish","format-standard","has-post-thumbnail","hentry","category-genel"],"acf":[],"_links":{"self":[{"href":"https:\/\/www.tsyd.org.tr\/wp\/index.php?rest_route=\/wp\/v2\/posts\/23885","targetHints":{"allow":["GET"]}}],"collection":[{"href":"https:\/\/www.tsyd.org.tr\/wp\/index.php?rest_route=\/wp\/v2\/posts"}],"about":[{"href":"https:\/\/www.tsyd.org.tr\/wp\/index.php?rest_route=\/wp\/v2\/types\/post"}],"author":[{"embeddable":true,"href":"https:\/\/www.tsyd.org.tr\/wp\/index.php?rest_route=\/wp\/v2\/users\/1"}],"replies":[{"embeddable":true,"href":"https:\/\/www.tsyd.org.tr\/wp\/index.php?rest_route=%2Fwp%2Fv2%2Fcomments&post=23885"}],"version-history":[{"count":1,"href":"https:\/\/www.tsyd.org.tr\/wp\/index.php?rest_route=\/wp\/v2\/posts\/23885\/revisions"}],"predecessor-version":[{"id":23887,"href":"https:\/\/www.tsyd.org.tr\/wp\/index.php?rest_route=\/wp\/v2\/posts\/23885\/revisions\/23887"}],"wp:featuredmedia":[{"embeddable":true,"href":"https:\/\/www.tsyd.org.tr\/wp\/index.php?rest_route=\/wp\/v2\/media\/23886"}],"wp:attachment":[{"href":"https:\/\/www.tsyd.org.tr\/wp\/index.php?rest_route=%2Fwp%2Fv2%2Fmedia&parent=23885"}],"wp:term":[{"taxonomy":"category","embeddable":true,"href":"https:\/\/www.tsyd.org.tr\/wp\/index.php?rest_route=%2Fwp%2Fv2%2Fcategories&post=23885"},{"taxonomy":"post_tag","embeddable":true,"href":"https:\/\/www.tsyd.org.tr\/wp\/index.php?rest_route=%2Fwp%2Fv2%2Ftags&post=23885"}],"curies":[{"name":"wp","href":"https:\/\/api.w.org\/{rel}","templated":true}]}}