{"id":23888,"date":"2024-10-31T18:16:06","date_gmt":"2024-10-31T15:16:06","guid":{"rendered":"https:\/\/www.tsyd.org.tr\/wp\/?p=23888"},"modified":"2024-10-31T18:16:06","modified_gmt":"2024-10-31T15:16:06","slug":"devletimize-acik-mektup","status":"publish","type":"post","link":"https:\/\/www.tsyd.org.tr\/wp\/?p=23888","title":{"rendered":"DEVLET\u0130M\u0130ZE A\u00c7IK MEKTUP"},"content":{"rendered":"<p>Bug\u00fcn d\u00fczenlenen <strong><span class=\"r-b88u0q\">ADALET <\/span><\/strong>VE <strong><span class=\"r-b88u0q\">MEDYA \u0130L\u0130\u015eK\u0130S\u0130 <\/span><\/strong>Paneli&#8217;nde Adalet Bakan\u0131 Sn. Y\u0131lmaz Tun\u00e7 ve Cumhurba\u015fkanl\u0131\u011f\u0131 \u0130leti\u015fim Ba\u015fkan\u0131 Sn. Fahrettin Altun&#8217;un s\u00f6ylediklerini dikkatle dinledik. TSYD olarak biz de t\u0131pk\u0131 konu\u015fmac\u0131lar gibi d\u00fc\u015f\u00fcn\u00fcyor, <strong><span class=\"r-b88u0q\">H\u00dcR B\u0130R BASIN<\/span><\/strong> ve <strong><span class=\"r-b88u0q\">ADALET<\/span><\/strong> istiyoruz.<\/p>\n<p>Bu nedenle Derne\u011fimize Kayy\u0131m atanmas\u0131n\u0131 kabul etmiyor, se\u00e7imle gelen Genel Ba\u015fkan\u0131m\u0131z\u0131n bir an \u00f6nce as\u0131ls\u0131z su\u00e7lamalarla uzakla\u015ft\u0131r\u0131ld\u0131\u011f\u0131 g\u00f6revine iadesini bekliyoruz. TSYD Y\u00f6netim Kurulu<\/p>\n","protected":false},"excerpt":{"rendered":"<p>Bug\u00fcn d\u00fczenlenen ADALET VE MEDYA \u0130L\u0130\u015eK\u0130S\u0130 Paneli&#8217;nde Adalet Bakan\u0131 Sn. Y\u0131lmaz Tun\u00e7 ve Cumhurba\u015fkanl\u0131\u011f\u0131 \u0130leti\u015fim Ba\u015fkan\u0131 Sn. Fahrettin Altun&#8217;un s\u00f6ylediklerini dikkatle dinledik. TSYD olarak biz de t\u0131pk\u0131 konu\u015fmac\u0131lar gibi d\u00fc\u015f\u00fcn\u00fcyor, H\u00dcR B\u0130R BASIN ve ADALET istiyoruz. Bu nedenle Derne\u011fimize Kayy\u0131m atanmas\u0131n\u0131 kabul etmiyor, se\u00e7imle gelen Genel Ba\u015fkan\u0131m\u0131z\u0131n bir an \u00f6nce as\u0131ls\u0131z su\u00e7lamalarla uzakla\u015ft\u0131r\u0131ld\u0131\u011f\u0131 g\u00f6revine iadesini [&hellip;]<\/p>\n","protected":false},"author":1,"featured_media":23881,"comment_status":"closed","ping_status":"closed","sticky":false,"template":"","format":"standard","meta":{"footnotes":""},"categories":[1],"tags":[],"class_list":["post-23888","post","type-post","status-publish","format-standard","has-post-thumbnail","hentry","category-genel"],"acf":[],"_links":{"self":[{"href":"https:\/\/www.tsyd.org.tr\/wp\/index.php?rest_route=\/wp\/v2\/posts\/23888","targetHints":{"allow":["GET"]}}],"collection":[{"href":"https:\/\/www.tsyd.org.tr\/wp\/index.php?rest_route=\/wp\/v2\/posts"}],"about":[{"href":"https:\/\/www.tsyd.org.tr\/wp\/index.php?rest_route=\/wp\/v2\/types\/post"}],"author":[{"embeddable":true,"href":"https:\/\/www.tsyd.org.tr\/wp\/index.php?rest_route=\/wp\/v2\/users\/1"}],"replies":[{"embeddable":true,"href":"https:\/\/www.tsyd.org.tr\/wp\/index.php?rest_route=%2Fwp%2Fv2%2Fcomments&post=23888"}],"version-history":[{"count":1,"href":"https:\/\/www.tsyd.org.tr\/wp\/index.php?rest_route=\/wp\/v2\/posts\/23888\/revisions"}],"predecessor-version":[{"id":23889,"href":"https:\/\/www.tsyd.org.tr\/wp\/index.php?rest_route=\/wp\/v2\/posts\/23888\/revisions\/23889"}],"wp:featuredmedia":[{"embeddable":true,"href":"https:\/\/www.tsyd.org.tr\/wp\/index.php?rest_route=\/wp\/v2\/media\/23881"}],"wp:attachment":[{"href":"https:\/\/www.tsyd.org.tr\/wp\/index.php?rest_route=%2Fwp%2Fv2%2Fmedia&parent=23888"}],"wp:term":[{"taxonomy":"category","embeddable":true,"href":"https:\/\/www.tsyd.org.tr\/wp\/index.php?rest_route=%2Fwp%2Fv2%2Fcategories&post=23888"},{"taxonomy":"post_tag","embeddable":true,"href":"https:\/\/www.tsyd.org.tr\/wp\/index.php?rest_route=%2Fwp%2Fv2%2Ftags&post=23888"}],"curies":[{"name":"wp","href":"https:\/\/api.w.org\/{rel}","templated":true}]}}