{"id":23890,"date":"2024-11-04T12:57:54","date_gmt":"2024-11-04T09:57:54","guid":{"rendered":"https:\/\/www.tsyd.org.tr\/wp\/?p=23890"},"modified":"2024-11-04T12:57:54","modified_gmt":"2024-11-04T09:57:54","slug":"tsyd-dostlugu","status":"publish","type":"post","link":"https:\/\/www.tsyd.org.tr\/wp\/?p=23890","title":{"rendered":"TSYD DOSTLU\u011eU"},"content":{"rendered":"<p>Hafta sonu oynanan Net Global Sivasspor-\u00c7aykur Rizespor kar\u015f\u0131la\u015fmas\u0131 \u00f6ncesinde Sivas TSYD ve Rize TSYD \u00fcyeleri bir araya geldi.<\/p>\n<p>TSYD Genel Merkez \u015eubeler Sorumlusu Kemal \u00c7a\u011flayan,TSYD Sivas \u015eube Ba\u015fkan\u0131 Ali Yavuz, y\u00f6netim kurulu \u00fcyeleri G\u00f6kt\u00fcrk F\u0131rat, Abdullah Yi\u011fit,O\u011fuzhan Sarzep ile TSYD Rize \u0130l Temsilcisi Osman Can ve \u00fcyelerin haz\u0131r bulundu\u011fu kahvalt\u0131l\u0131 sohbet toplant\u0131s\u0131nda TSYD \u00e7al\u0131\u015fmalar\u0131 ve her iki il a\u00e7\u0131s\u0131ndan spor ve spora bak\u0131\u015f ele al\u0131nd\u0131.<\/p>\n<p>MA\u00c7 \u00d6NCES\u0130 TOPLANTI<br \/>\nTSYD Sivas ve Rize \u0130l Temsilcili\u011fine ba\u011fl\u0131 \u00fcyelerle m\u00fcsabaka \u00f6ncesinde sohbet toplant\u0131s\u0131 d\u00fczenlendi. D\u00fczenlenen Toplant\u0131da TSYD Genel merkez \u015fubeler Sorumlusu Kemal \u00c7a\u011flayan son geli\u015fmelerle ilgili \u00fcyelere bilgiler verdi.<\/p>\n<p><img loading=\"lazy\" decoding=\"async\" class=\"aligncenter size-full wp-image-23891\" src=\"https:\/\/www.tsyd.org.tr\/wp\/wp-content\/uploads\/2024\/11\/Sivas-1.jpeg\" alt=\"\" width=\"1600\" height=\"1200\" srcset=\"https:\/\/www.tsyd.org.tr\/wp\/wp-content\/uploads\/2024\/11\/Sivas-1.jpeg 1600w, https:\/\/www.tsyd.org.tr\/wp\/wp-content\/uploads\/2024\/11\/Sivas-1-300x225.jpeg 300w, https:\/\/www.tsyd.org.tr\/wp\/wp-content\/uploads\/2024\/11\/Sivas-1-1024x768.jpeg 1024w, https:\/\/www.tsyd.org.tr\/wp\/wp-content\/uploads\/2024\/11\/Sivas-1-768x576.jpeg 768w, https:\/\/www.tsyd.org.tr\/wp\/wp-content\/uploads\/2024\/11\/Sivas-1-1536x1152.jpeg 1536w, https:\/\/www.tsyd.org.tr\/wp\/wp-content\/uploads\/2024\/11\/Sivas-1-560x420.jpeg 560w, https:\/\/www.tsyd.org.tr\/wp\/wp-content\/uploads\/2024\/11\/Sivas-1-80x60.jpeg 80w, https:\/\/www.tsyd.org.tr\/wp\/wp-content\/uploads\/2024\/11\/Sivas-1-100x75.jpeg 100w, https:\/\/www.tsyd.org.tr\/wp\/wp-content\/uploads\/2024\/11\/Sivas-1-180x135.jpeg 180w, https:\/\/www.tsyd.org.tr\/wp\/wp-content\/uploads\/2024\/11\/Sivas-1-238x178.jpeg 238w, https:\/\/www.tsyd.org.tr\/wp\/wp-content\/uploads\/2024\/11\/Sivas-1-640x480.jpeg 640w, https:\/\/www.tsyd.org.tr\/wp\/wp-content\/uploads\/2024\/11\/Sivas-1-681x511.jpeg 681w\" sizes=\"auto, (max-width: 1600px) 100vw, 1600px\" \/><img loading=\"lazy\" decoding=\"async\" class=\"aligncenter size-full wp-image-23892\" src=\"https:\/\/www.tsyd.org.tr\/wp\/wp-content\/uploads\/2024\/11\/Sivas-2.jpeg\" alt=\"\" width=\"1600\" height=\"1200\" srcset=\"https:\/\/www.tsyd.org.tr\/wp\/wp-content\/uploads\/2024\/11\/Sivas-2.jpeg 1600w, https:\/\/www.tsyd.org.tr\/wp\/wp-content\/uploads\/2024\/11\/Sivas-2-300x225.jpeg 300w, https:\/\/www.tsyd.org.tr\/wp\/wp-content\/uploads\/2024\/11\/Sivas-2-1024x768.jpeg 1024w, https:\/\/www.tsyd.org.tr\/wp\/wp-content\/uploads\/2024\/11\/Sivas-2-768x576.jpeg 768w, https:\/\/www.tsyd.org.tr\/wp\/wp-content\/uploads\/2024\/11\/Sivas-2-1536x1152.jpeg 1536w, https:\/\/www.tsyd.org.tr\/wp\/wp-content\/uploads\/2024\/11\/Sivas-2-560x420.jpeg 560w, https:\/\/www.tsyd.org.tr\/wp\/wp-content\/uploads\/2024\/11\/Sivas-2-80x60.jpeg 80w, https:\/\/www.tsyd.org.tr\/wp\/wp-content\/uploads\/2024\/11\/Sivas-2-100x75.jpeg 100w, https:\/\/www.tsyd.org.tr\/wp\/wp-content\/uploads\/2024\/11\/Sivas-2-180x135.jpeg 180w, https:\/\/www.tsyd.org.tr\/wp\/wp-content\/uploads\/2024\/11\/Sivas-2-238x178.jpeg 238w, https:\/\/www.tsyd.org.tr\/wp\/wp-content\/uploads\/2024\/11\/Sivas-2-640x480.jpeg 640w, https:\/\/www.tsyd.org.tr\/wp\/wp-content\/uploads\/2024\/11\/Sivas-2-681x511.jpeg 681w\" sizes=\"auto, (max-width: 1600px) 100vw, 1600px\" \/><\/p>\n","protected":false},"excerpt":{"rendered":"<p>Hafta sonu oynanan Net Global Sivasspor-\u00c7aykur Rizespor kar\u015f\u0131la\u015fmas\u0131 \u00f6ncesinde Sivas TSYD ve Rize TSYD \u00fcyeleri bir araya geldi. TSYD Genel Merkez \u015eubeler Sorumlusu Kemal \u00c7a\u011flayan,TSYD Sivas \u015eube Ba\u015fkan\u0131 Ali Yavuz, y\u00f6netim kurulu \u00fcyeleri G\u00f6kt\u00fcrk F\u0131rat, Abdullah Yi\u011fit,O\u011fuzhan Sarzep ile TSYD Rize \u0130l Temsilcisi Osman Can ve \u00fcyelerin haz\u0131r bulundu\u011fu kahvalt\u0131l\u0131 sohbet toplant\u0131s\u0131nda TSYD \u00e7al\u0131\u015fmalar\u0131 ve [&hellip;]<\/p>\n","protected":false},"author":1,"featured_media":23893,"comment_status":"closed","ping_status":"closed","sticky":false,"template":"","format":"standard","meta":{"footnotes":""},"categories":[1],"tags":[],"class_list":["post-23890","post","type-post","status-publish","format-standard","has-post-thumbnail","hentry","category-genel"],"acf":[],"_links":{"self":[{"href":"https:\/\/www.tsyd.org.tr\/wp\/index.php?rest_route=\/wp\/v2\/posts\/23890","targetHints":{"allow":["GET"]}}],"collection":[{"href":"https:\/\/www.tsyd.org.tr\/wp\/index.php?rest_route=\/wp\/v2\/posts"}],"about":[{"href":"https:\/\/www.tsyd.org.tr\/wp\/index.php?rest_route=\/wp\/v2\/types\/post"}],"author":[{"embeddable":true,"href":"https:\/\/www.tsyd.org.tr\/wp\/index.php?rest_route=\/wp\/v2\/users\/1"}],"replies":[{"embeddable":true,"href":"https:\/\/www.tsyd.org.tr\/wp\/index.php?rest_route=%2Fwp%2Fv2%2Fcomments&post=23890"}],"version-history":[{"count":1,"href":"https:\/\/www.tsyd.org.tr\/wp\/index.php?rest_route=\/wp\/v2\/posts\/23890\/revisions"}],"predecessor-version":[{"id":23894,"href":"https:\/\/www.tsyd.org.tr\/wp\/index.php?rest_route=\/wp\/v2\/posts\/23890\/revisions\/23894"}],"wp:featuredmedia":[{"embeddable":true,"href":"https:\/\/www.tsyd.org.tr\/wp\/index.php?rest_route=\/wp\/v2\/media\/23893"}],"wp:attachment":[{"href":"https:\/\/www.tsyd.org.tr\/wp\/index.php?rest_route=%2Fwp%2Fv2%2Fmedia&parent=23890"}],"wp:term":[{"taxonomy":"category","embeddable":true,"href":"https:\/\/www.tsyd.org.tr\/wp\/index.php?rest_route=%2Fwp%2Fv2%2Fcategories&post=23890"},{"taxonomy":"post_tag","embeddable":true,"href":"https:\/\/www.tsyd.org.tr\/wp\/index.php?rest_route=%2Fwp%2Fv2%2Ftags&post=23890"}],"curies":[{"name":"wp","href":"https:\/\/api.w.org\/{rel}","templated":true}]}}