{"id":23896,"date":"2024-11-07T17:13:12","date_gmt":"2024-11-07T14:13:12","guid":{"rendered":"https:\/\/www.tsyd.org.tr\/wp\/?p=23896"},"modified":"2024-11-07T17:13:12","modified_gmt":"2024-11-07T14:13:12","slug":"sivas-tsydden-scu-rektorune-hayirli-olsun-ziyareti","status":"publish","type":"post","link":"https:\/\/www.tsyd.org.tr\/wp\/?p=23896","title":{"rendered":"S\u0130VAS TSYD\u2019DEN SC\u00dc REKT\u00d6R\u00dcNE HAYIRLI OLSUN Z\u0130YARET\u0130"},"content":{"rendered":"<p>Rekt\u00f6rler kararnamesi ile Sivas Cumhuriyet \u00dcniversitesi rekt\u00f6rl\u00fck g\u00f6revine atanan Prof.Dr. Ahmet \u015eeng\u00f6n\u00fcl\u2019e Sivas TSYD\u2019den hay\u0131rl\u0131 olsun ziyareti.<br \/>\nTSYD Genel Merkez \u015fubeler Sorumlusu Kemal \u00c7a\u011flayan, TSYD Sivas \u015eube Ba\u015fkan\u0131 Ali Yavuz, y\u00f6netim kurulu \u00fcyeleri G\u00f6kt\u00fcrk F\u0131rat, Abdullah Yi\u011fit ve Mustafa Ate\u015f, SC\u00dc Rekt\u00f6r\u00fc Prof. Dr. Ahmet \u015eeng\u00f6n\u00fcl\u2019\u00fc ziyaret ederek ba\u015far\u0131 dileklerinde bulundu.<br \/>\nZiyarette g\u00f6r\u00fc\u015flerini dile getiren SC\u00dc Rekt\u00f6r\u00fc Prof.Dr. Ahmet \u015eeng\u00f6n\u00fcl,<br \/>\nTSYD\u2019nin T\u00fcrkiye\u2019nin en \u00f6nemli STK\u2019lardan birisi oldu\u011funu belirten Genel Merkez \u015eubeler Sorumlusu Kemal \u00c7a\u011flayan, , TSYD-SC\u00dc payda\u015fl\u0131\u011f\u0131 ile gerek \u0130leti\u015fim Fak\u00fcltesi, gerekse Spor Akademisi \u00f6\u011frencileriyle koordinasyon sa\u011fland\u0131\u011f\u0131n\u0131 belirtti.TSYD \u2018nin her zaman yanlar\u0131nda oldu\u011funu s\u00f6yledi. \u00e7al\u0131\u015fmalarla ilgili SC\u00dc Rekt\u00f6r\u00fc Prof.Dr. \u015eeng\u00f6n\u00fcl\u2019e bilgiler verdi<\/p>\n<p>TSYD ziyaretinden memnuniyet duydu\u011funu dile getiren SC\u00dc Rekt\u00f6r\u00fc Prof.Dr. Ahmet \u015eeng\u00f6n\u00fcl, TSYD\u2019nin \u00fcniversite olan payda\u015fl\u0131\u011f\u0131n\u0131n \u00e7ok \u00f6nemli oldu\u011funu, ge\u00e7mi\u015fte oldu\u011fu gibi bundan sonra da TSYD ile \u00f6nemli sosyal sorumluluk projelerine destek vereceklerini, TSYD\u2019nin ba\u015far\u0131l\u0131 \u00e7al\u0131\u015fmalar\u0131n\u0131 yak\u0131ndan takip ettiklerini s\u00f6yledi ve te\u015fekk\u00fcr etti.<\/p>\n<p>&nbsp;<\/p>\n<p><img loading=\"lazy\" decoding=\"async\" class=\"aligncenter size-full wp-image-23900\" src=\"https:\/\/www.tsyd.org.tr\/wp\/wp-content\/uploads\/2024\/11\/tsyd-4-.jpg\" alt=\"\" width=\"1066\" height=\"710\" srcset=\"https:\/\/www.tsyd.org.tr\/wp\/wp-content\/uploads\/2024\/11\/tsyd-4-.jpg 1066w, https:\/\/www.tsyd.org.tr\/wp\/wp-content\/uploads\/2024\/11\/tsyd-4--300x200.jpg 300w, https:\/\/www.tsyd.org.tr\/wp\/wp-content\/uploads\/2024\/11\/tsyd-4--1024x682.jpg 1024w, https:\/\/www.tsyd.org.tr\/wp\/wp-content\/uploads\/2024\/11\/tsyd-4--768x512.jpg 768w, https:\/\/www.tsyd.org.tr\/wp\/wp-content\/uploads\/2024\/11\/tsyd-4--631x420.jpg 631w, https:\/\/www.tsyd.org.tr\/wp\/wp-content\/uploads\/2024\/11\/tsyd-4--640x426.jpg 640w, https:\/\/www.tsyd.org.tr\/wp\/wp-content\/uploads\/2024\/11\/tsyd-4--681x454.jpg 681w\" sizes=\"auto, (max-width: 1066px) 100vw, 1066px\" \/><img loading=\"lazy\" decoding=\"async\" class=\"aligncenter size-full wp-image-23899\" src=\"https:\/\/www.tsyd.org.tr\/wp\/wp-content\/uploads\/2024\/11\/tsyd-3-.jpg\" alt=\"\" width=\"1066\" height=\"710\" srcset=\"https:\/\/www.tsyd.org.tr\/wp\/wp-content\/uploads\/2024\/11\/tsyd-3-.jpg 1066w, https:\/\/www.tsyd.org.tr\/wp\/wp-content\/uploads\/2024\/11\/tsyd-3--300x200.jpg 300w, https:\/\/www.tsyd.org.tr\/wp\/wp-content\/uploads\/2024\/11\/tsyd-3--1024x682.jpg 1024w, https:\/\/www.tsyd.org.tr\/wp\/wp-content\/uploads\/2024\/11\/tsyd-3--768x512.jpg 768w, https:\/\/www.tsyd.org.tr\/wp\/wp-content\/uploads\/2024\/11\/tsyd-3--631x420.jpg 631w, https:\/\/www.tsyd.org.tr\/wp\/wp-content\/uploads\/2024\/11\/tsyd-3--640x426.jpg 640w, https:\/\/www.tsyd.org.tr\/wp\/wp-content\/uploads\/2024\/11\/tsyd-3--681x454.jpg 681w\" sizes=\"auto, (max-width: 1066px) 100vw, 1066px\" \/><img loading=\"lazy\" decoding=\"async\" class=\"aligncenter size-full wp-image-23897\" src=\"https:\/\/www.tsyd.org.tr\/wp\/wp-content\/uploads\/2024\/11\/tsyd-1-.jpg\" alt=\"\" width=\"1065\" height=\"710\" srcset=\"https:\/\/www.tsyd.org.tr\/wp\/wp-content\/uploads\/2024\/11\/tsyd-1-.jpg 1065w, https:\/\/www.tsyd.org.tr\/wp\/wp-content\/uploads\/2024\/11\/tsyd-1--300x200.jpg 300w, https:\/\/www.tsyd.org.tr\/wp\/wp-content\/uploads\/2024\/11\/tsyd-1--1024x683.jpg 1024w, https:\/\/www.tsyd.org.tr\/wp\/wp-content\/uploads\/2024\/11\/tsyd-1--768x512.jpg 768w, https:\/\/www.tsyd.org.tr\/wp\/wp-content\/uploads\/2024\/11\/tsyd-1--630x420.jpg 630w, https:\/\/www.tsyd.org.tr\/wp\/wp-content\/uploads\/2024\/11\/tsyd-1--640x427.jpg 640w, https:\/\/www.tsyd.org.tr\/wp\/wp-content\/uploads\/2024\/11\/tsyd-1--681x454.jpg 681w\" sizes=\"auto, (max-width: 1065px) 100vw, 1065px\" \/><\/p>\n","protected":false},"excerpt":{"rendered":"<p>Rekt\u00f6rler kararnamesi ile Sivas Cumhuriyet \u00dcniversitesi rekt\u00f6rl\u00fck g\u00f6revine atanan Prof.Dr. Ahmet \u015eeng\u00f6n\u00fcl\u2019e Sivas TSYD\u2019den hay\u0131rl\u0131 olsun ziyareti. TSYD Genel Merkez \u015fubeler Sorumlusu Kemal \u00c7a\u011flayan, TSYD Sivas \u015eube Ba\u015fkan\u0131 Ali Yavuz, y\u00f6netim kurulu \u00fcyeleri G\u00f6kt\u00fcrk F\u0131rat, Abdullah Yi\u011fit ve Mustafa Ate\u015f, SC\u00dc Rekt\u00f6r\u00fc Prof. Dr. Ahmet \u015eeng\u00f6n\u00fcl\u2019\u00fc ziyaret ederek ba\u015far\u0131 dileklerinde bulundu. Ziyarette g\u00f6r\u00fc\u015flerini dile getiren [&hellip;]<\/p>\n","protected":false},"author":1,"featured_media":23898,"comment_status":"closed","ping_status":"closed","sticky":false,"template":"","format":"standard","meta":{"footnotes":""},"categories":[1],"tags":[],"class_list":["post-23896","post","type-post","status-publish","format-standard","has-post-thumbnail","hentry","category-genel"],"acf":[],"_links":{"self":[{"href":"https:\/\/www.tsyd.org.tr\/wp\/index.php?rest_route=\/wp\/v2\/posts\/23896","targetHints":{"allow":["GET"]}}],"collection":[{"href":"https:\/\/www.tsyd.org.tr\/wp\/index.php?rest_route=\/wp\/v2\/posts"}],"about":[{"href":"https:\/\/www.tsyd.org.tr\/wp\/index.php?rest_route=\/wp\/v2\/types\/post"}],"author":[{"embeddable":true,"href":"https:\/\/www.tsyd.org.tr\/wp\/index.php?rest_route=\/wp\/v2\/users\/1"}],"replies":[{"embeddable":true,"href":"https:\/\/www.tsyd.org.tr\/wp\/index.php?rest_route=%2Fwp%2Fv2%2Fcomments&post=23896"}],"version-history":[{"count":1,"href":"https:\/\/www.tsyd.org.tr\/wp\/index.php?rest_route=\/wp\/v2\/posts\/23896\/revisions"}],"predecessor-version":[{"id":23901,"href":"https:\/\/www.tsyd.org.tr\/wp\/index.php?rest_route=\/wp\/v2\/posts\/23896\/revisions\/23901"}],"wp:featuredmedia":[{"embeddable":true,"href":"https:\/\/www.tsyd.org.tr\/wp\/index.php?rest_route=\/wp\/v2\/media\/23898"}],"wp:attachment":[{"href":"https:\/\/www.tsyd.org.tr\/wp\/index.php?rest_route=%2Fwp%2Fv2%2Fmedia&parent=23896"}],"wp:term":[{"taxonomy":"category","embeddable":true,"href":"https:\/\/www.tsyd.org.tr\/wp\/index.php?rest_route=%2Fwp%2Fv2%2Fcategories&post=23896"},{"taxonomy":"post_tag","embeddable":true,"href":"https:\/\/www.tsyd.org.tr\/wp\/index.php?rest_route=%2Fwp%2Fv2%2Ftags&post=23896"}],"curies":[{"name":"wp","href":"https:\/\/api.w.org\/{rel}","templated":true}]}}