{"id":23912,"date":"2024-11-19T11:00:30","date_gmt":"2024-11-19T08:00:30","guid":{"rendered":"https:\/\/www.tsyd.org.tr\/wp\/?p=23912"},"modified":"2024-11-19T11:03:15","modified_gmt":"2024-11-19T08:03:15","slug":"tsyd-kayseri-subesinden-montellaya-plaket","status":"publish","type":"post","link":"https:\/\/www.tsyd.org.tr\/wp\/?p=23912","title":{"rendered":"TSYD Kayseri \u015eubesinden Montella\u2019ya Plaket"},"content":{"rendered":"<p>TSYD Kayseri \u015eube Ba\u015fkan\u0131 Oktay Ensari ve y\u00f6netim kurulu \u00fcyeleri, Milli tak\u0131mlar Teknik Direkt\u00f6r\u00fc Vincenzo Montella\u2019ya plaket verip, ba\u015far\u0131 dileklerinde bulundu.<\/p>\n<p>Kayseri\u2019de oynanan T\u00fcrkiye -Galler M\u00fcsabakas\u0131n\u0131n ard\u0131ndan Milli tak\u0131mlar Teknik Direkt\u00f6r\u00fc Vincenzo Montella ile bir araya gelerek y\u00f6netim kurulu \u00fcyeleri ile birlikte g\u00fcn\u00fcn an\u0131s\u0131na plaket verdiklerini dile getiren TSYD Kayseri \u015fube Ba\u015fkan\u0131 Ensari , \u201cKayseri, sporun her dal\u0131nda milli de\u011ferlerimizin yan\u0131nda olmaya devam ediyor. Milli Tak\u0131m\u0131m\u0131z\u0131 \u015fehrimizde g\u00f6rmek hepimiz i\u00e7in unutulmaz bir an\u0131yd\u0131. Bu plaketi, hem \u015fehrimizin hem de TSYD Kayseri ailesinin bir hat\u0131ras\u0131 olarak Montella\u2019ya takdim ettik,\u201d ifadelerini kulland\u0131.<br \/>\nVincenzo Montella ise plaketi teslim al\u0131rken duydu\u011fu memnuniyeti dile getirerek, \u201cKayseri, s\u0131cak insanlar\u0131 ve misafirperverli\u011fiyle unutulmaz bir \u015fehir. Bu anlaml\u0131 hediye i\u00e7in te\u015fekk\u00fcr ederim. Milli Tak\u0131m\u0131m\u0131z\u0131n g\u00f6rd\u00fc\u011f\u00fc destek bizlere b\u00fcy\u00fck g\u00fc\u00e7 kat\u0131yor,\u201d dedi.<\/p>\n<p><img loading=\"lazy\" decoding=\"async\" class=\"aligncenter size-full wp-image-23914\" src=\"https:\/\/www.tsyd.org.tr\/wp\/wp-content\/uploads\/2024\/11\/TSYD-Kayseri-Subesinden-Montellaya-Plaket-2.jpg\" alt=\"\" width=\"1536\" height=\"2048\" srcset=\"https:\/\/www.tsyd.org.tr\/wp\/wp-content\/uploads\/2024\/11\/TSYD-Kayseri-Subesinden-Montellaya-Plaket-2.jpg 1536w, https:\/\/www.tsyd.org.tr\/wp\/wp-content\/uploads\/2024\/11\/TSYD-Kayseri-Subesinden-Montellaya-Plaket-2-225x300.jpg 225w, https:\/\/www.tsyd.org.tr\/wp\/wp-content\/uploads\/2024\/11\/TSYD-Kayseri-Subesinden-Montellaya-Plaket-2-768x1024.jpg 768w, https:\/\/www.tsyd.org.tr\/wp\/wp-content\/uploads\/2024\/11\/TSYD-Kayseri-Subesinden-Montellaya-Plaket-2-1152x1536.jpg 1152w, https:\/\/www.tsyd.org.tr\/wp\/wp-content\/uploads\/2024\/11\/TSYD-Kayseri-Subesinden-Montellaya-Plaket-2-315x420.jpg 315w, https:\/\/www.tsyd.org.tr\/wp\/wp-content\/uploads\/2024\/11\/TSYD-Kayseri-Subesinden-Montellaya-Plaket-2-640x853.jpg 640w, https:\/\/www.tsyd.org.tr\/wp\/wp-content\/uploads\/2024\/11\/TSYD-Kayseri-Subesinden-Montellaya-Plaket-2-681x908.jpg 681w\" sizes=\"auto, (max-width: 1536px) 100vw, 1536px\" \/><\/p>\n","protected":false},"excerpt":{"rendered":"<p>TSYD Kayseri \u015eube Ba\u015fkan\u0131 Oktay Ensari ve y\u00f6netim kurulu \u00fcyeleri, Milli tak\u0131mlar Teknik Direkt\u00f6r\u00fc Vincenzo Montella\u2019ya plaket verip, ba\u015far\u0131 dileklerinde bulundu. Kayseri\u2019de oynanan T\u00fcrkiye -Galler M\u00fcsabakas\u0131n\u0131n ard\u0131ndan Milli tak\u0131mlar Teknik Direkt\u00f6r\u00fc Vincenzo Montella ile bir araya gelerek y\u00f6netim kurulu \u00fcyeleri ile birlikte g\u00fcn\u00fcn an\u0131s\u0131na plaket verdiklerini dile getiren TSYD Kayseri \u015fube Ba\u015fkan\u0131 Ensari , \u201cKayseri, [&hellip;]<\/p>\n","protected":false},"author":1,"featured_media":23916,"comment_status":"closed","ping_status":"closed","sticky":false,"template":"","format":"standard","meta":{"footnotes":""},"categories":[1],"tags":[],"class_list":["post-23912","post","type-post","status-publish","format-standard","has-post-thumbnail","hentry","category-genel"],"acf":[],"_links":{"self":[{"href":"https:\/\/www.tsyd.org.tr\/wp\/index.php?rest_route=\/wp\/v2\/posts\/23912","targetHints":{"allow":["GET"]}}],"collection":[{"href":"https:\/\/www.tsyd.org.tr\/wp\/index.php?rest_route=\/wp\/v2\/posts"}],"about":[{"href":"https:\/\/www.tsyd.org.tr\/wp\/index.php?rest_route=\/wp\/v2\/types\/post"}],"author":[{"embeddable":true,"href":"https:\/\/www.tsyd.org.tr\/wp\/index.php?rest_route=\/wp\/v2\/users\/1"}],"replies":[{"embeddable":true,"href":"https:\/\/www.tsyd.org.tr\/wp\/index.php?rest_route=%2Fwp%2Fv2%2Fcomments&post=23912"}],"version-history":[{"count":1,"href":"https:\/\/www.tsyd.org.tr\/wp\/index.php?rest_route=\/wp\/v2\/posts\/23912\/revisions"}],"predecessor-version":[{"id":23915,"href":"https:\/\/www.tsyd.org.tr\/wp\/index.php?rest_route=\/wp\/v2\/posts\/23912\/revisions\/23915"}],"wp:featuredmedia":[{"embeddable":true,"href":"https:\/\/www.tsyd.org.tr\/wp\/index.php?rest_route=\/wp\/v2\/media\/23916"}],"wp:attachment":[{"href":"https:\/\/www.tsyd.org.tr\/wp\/index.php?rest_route=%2Fwp%2Fv2%2Fmedia&parent=23912"}],"wp:term":[{"taxonomy":"category","embeddable":true,"href":"https:\/\/www.tsyd.org.tr\/wp\/index.php?rest_route=%2Fwp%2Fv2%2Fcategories&post=23912"},{"taxonomy":"post_tag","embeddable":true,"href":"https:\/\/www.tsyd.org.tr\/wp\/index.php?rest_route=%2Fwp%2Fv2%2Ftags&post=23912"}],"curies":[{"name":"wp","href":"https:\/\/api.w.org\/{rel}","templated":true}]}}