{"id":24170,"date":"2025-12-29T14:36:25","date_gmt":"2025-12-29T11:36:25","guid":{"rendered":"https:\/\/www.tsyd.org.tr\/wp\/?p=24170"},"modified":"2025-12-29T14:36:25","modified_gmt":"2025-12-29T11:36:25","slug":"sapci-eskisehir-tsydye-konuk-oldu","status":"publish","type":"post","link":"https:\/\/www.tsyd.org.tr\/wp\/?p=24170","title":{"rendered":"\u015eAP\u00c7I, ESK\u0130\u015eEH\u0130R TSYD\u2019YE KONUK OLDU"},"content":{"rendered":"<p>Eski\u015fehirspor Teknik Direkt\u00f6r\u00fc Hakan \u015eap\u00e7\u0131, T\u00fcrkiye Spor Yazarlar\u0131 Derne\u011fi Eski\u015fehir \u015eubesine konuk oldu, TSYD \u00fcyeleri ve spor muhabirleri ile sohbet etti.<\/p>\n<p>\u015eapc\u0131, TSYD Eski\u015fehir \u015eubesi\u2019nde spor yazarlar\u0131yla bir araya gelerek g\u00fcndeme dair a\u00e7\u0131klamalarda bulundu.<\/p>\n<p>Hakan \u015eap\u00e7\u0131, \u201cSizlerle beraber olmaktan \u00e7ok mutluyum, gurur duyuyorum. Hepimizin tek bir ortak paydas\u0131 var, o da Eski\u015fehirspor&#8217;un ba\u015far\u0131s\u0131. Ben geldi\u011fim g\u00fcnden beri ger\u00e7ekten bunu b\u00fct\u00fcn toplant\u0131larda, bunu oyuncular\u0131mla da payla\u015f\u0131yorum. \u00c7ok b\u00fcy\u00fck bir camian\u0131n teknik direkt\u00f6rl\u00fc\u011f\u00fcn\u00fc yapmak, \u00e7ok b\u00fcy\u00fck bir camian\u0131n i\u00e7inde bulunmu\u015f olmaktan dolay\u0131 \u00e7ok heyecanl\u0131y\u0131m. Bu camiay\u0131 hep beraber hak etti\u011fi yerlere ta\u015f\u0131mam\u0131z gerekiyor. Ben inan\u0131yorum, ba\u015faraca\u011f\u0131z in\u015fallah. \u015eehrimizin de, hepimizin de beklentisi, tak\u0131m\u0131m\u0131z\u0131n bir an \u00f6nce eski g\u00fcnlerine tekrar d\u00f6nmesi. Bunun i\u00e7in \u00e7ok \u00e7al\u0131\u015fan bir, \u00e7ok fazlas\u0131yla fedak\u00e2rl\u0131k yapan bir y\u00f6netim kurulumuz, yine sa\u011f olsun bana \u00e7ok ciddi destek veren kul\u00fcp personelimiz ve hepinizin de g\u00fcvenmesini istedi\u011fimiz \u00e7ok \u00f6nemli bir oyuncu grubumuz var\u201d dedi.<\/p>\n<p>TSYD Eski\u015fehir \u015eubesi Ba\u015fkan\u0131 Sadi Seda, son bir ayd\u0131r T\u00fcrk futbolunda ya\u015fanan  bahis olay\u0131nda bir\u00e7ok futbolcunun gerek TFF gerekse yarg\u0131 taraf\u0131ndan cezaland\u0131r\u0131ld\u0131\u011f\u0131n\u0131 hat\u0131rlatarak, bundan kul\u00fcplerin de etkilendi\u011fini s\u00f6yledi.<\/p>\n<p>Seda, Hakan \u015eap\u00e7\u0131\u2019ya ziyaretinden dolay\u0131 te\u015fekk\u00fcr ederek Eski\u015fehirspor\u2019a da \u015fampiyonluk yolunda ba\u015far\u0131lar diledi. <\/p>\n<p><img loading=\"lazy\" decoding=\"async\" src=\"https:\/\/www.tsyd.org.tr\/wp\/wp-content\/uploads\/2025\/12\/HAKAN-SAPCI-SADI-SEDA.jpg\" alt=\"\" width=\"2048\" height=\"1536\" class=\"aligncenter size-full wp-image-24167\" srcset=\"https:\/\/www.tsyd.org.tr\/wp\/wp-content\/uploads\/2025\/12\/HAKAN-SAPCI-SADI-SEDA.jpg 2048w, https:\/\/www.tsyd.org.tr\/wp\/wp-content\/uploads\/2025\/12\/HAKAN-SAPCI-SADI-SEDA-300x225.jpg 300w, https:\/\/www.tsyd.org.tr\/wp\/wp-content\/uploads\/2025\/12\/HAKAN-SAPCI-SADI-SEDA-1024x768.jpg 1024w, https:\/\/www.tsyd.org.tr\/wp\/wp-content\/uploads\/2025\/12\/HAKAN-SAPCI-SADI-SEDA-768x576.jpg 768w, https:\/\/www.tsyd.org.tr\/wp\/wp-content\/uploads\/2025\/12\/HAKAN-SAPCI-SADI-SEDA-1536x1152.jpg 1536w, https:\/\/www.tsyd.org.tr\/wp\/wp-content\/uploads\/2025\/12\/HAKAN-SAPCI-SADI-SEDA-560x420.jpg 560w, https:\/\/www.tsyd.org.tr\/wp\/wp-content\/uploads\/2025\/12\/HAKAN-SAPCI-SADI-SEDA-80x60.jpg 80w, https:\/\/www.tsyd.org.tr\/wp\/wp-content\/uploads\/2025\/12\/HAKAN-SAPCI-SADI-SEDA-100x75.jpg 100w, https:\/\/www.tsyd.org.tr\/wp\/wp-content\/uploads\/2025\/12\/HAKAN-SAPCI-SADI-SEDA-180x135.jpg 180w, https:\/\/www.tsyd.org.tr\/wp\/wp-content\/uploads\/2025\/12\/HAKAN-SAPCI-SADI-SEDA-238x178.jpg 238w, https:\/\/www.tsyd.org.tr\/wp\/wp-content\/uploads\/2025\/12\/HAKAN-SAPCI-SADI-SEDA-640x480.jpg 640w, https:\/\/www.tsyd.org.tr\/wp\/wp-content\/uploads\/2025\/12\/HAKAN-SAPCI-SADI-SEDA-681x511.jpg 681w\" sizes=\"auto, (max-width: 2048px) 100vw, 2048px\" \/><\/p>\n","protected":false},"excerpt":{"rendered":"<p>Eski\u015fehirspor Teknik Direkt\u00f6r\u00fc Hakan \u015eap\u00e7\u0131, T\u00fcrkiye Spor Yazarlar\u0131 Derne\u011fi Eski\u015fehir \u015eubesine konuk oldu, TSYD \u00fcyeleri ve spor muhabirleri ile sohbet etti. \u015eapc\u0131, TSYD Eski\u015fehir \u015eubesi\u2019nde spor yazarlar\u0131yla bir araya gelerek g\u00fcndeme dair a\u00e7\u0131klamalarda bulundu. Hakan \u015eap\u00e7\u0131, \u201cSizlerle beraber olmaktan \u00e7ok mutluyum, gurur duyuyorum. Hepimizin tek bir ortak paydas\u0131 var, o da Eski\u015fehirspor&#8217;un ba\u015far\u0131s\u0131. Ben geldi\u011fim [&hellip;]<\/p>\n","protected":false},"author":1,"featured_media":24166,"comment_status":"closed","ping_status":"closed","sticky":false,"template":"","format":"standard","meta":{"footnotes":""},"categories":[1],"tags":[],"class_list":["post-24170","post","type-post","status-publish","format-standard","has-post-thumbnail","hentry","category-genel"],"acf":[],"_links":{"self":[{"href":"https:\/\/www.tsyd.org.tr\/wp\/index.php?rest_route=\/wp\/v2\/posts\/24170","targetHints":{"allow":["GET"]}}],"collection":[{"href":"https:\/\/www.tsyd.org.tr\/wp\/index.php?rest_route=\/wp\/v2\/posts"}],"about":[{"href":"https:\/\/www.tsyd.org.tr\/wp\/index.php?rest_route=\/wp\/v2\/types\/post"}],"author":[{"embeddable":true,"href":"https:\/\/www.tsyd.org.tr\/wp\/index.php?rest_route=\/wp\/v2\/users\/1"}],"replies":[{"embeddable":true,"href":"https:\/\/www.tsyd.org.tr\/wp\/index.php?rest_route=%2Fwp%2Fv2%2Fcomments&post=24170"}],"version-history":[{"count":1,"href":"https:\/\/www.tsyd.org.tr\/wp\/index.php?rest_route=\/wp\/v2\/posts\/24170\/revisions"}],"predecessor-version":[{"id":24171,"href":"https:\/\/www.tsyd.org.tr\/wp\/index.php?rest_route=\/wp\/v2\/posts\/24170\/revisions\/24171"}],"wp:featuredmedia":[{"embeddable":true,"href":"https:\/\/www.tsyd.org.tr\/wp\/index.php?rest_route=\/wp\/v2\/media\/24166"}],"wp:attachment":[{"href":"https:\/\/www.tsyd.org.tr\/wp\/index.php?rest_route=%2Fwp%2Fv2%2Fmedia&parent=24170"}],"wp:term":[{"taxonomy":"category","embeddable":true,"href":"https:\/\/www.tsyd.org.tr\/wp\/index.php?rest_route=%2Fwp%2Fv2%2Fcategories&post=24170"},{"taxonomy":"post_tag","embeddable":true,"href":"https:\/\/www.tsyd.org.tr\/wp\/index.php?rest_route=%2Fwp%2Fv2%2Ftags&post=24170"}],"curies":[{"name":"wp","href":"https:\/\/api.w.org\/{rel}","templated":true}]}}