{"id":24280,"date":"2026-08-14T12:42:00","date_gmt":"2026-08-14T09:42:00","guid":{"rendered":"https:\/\/www.tsyd.org.tr\/wp\/?p=24280"},"modified":"2026-08-14T12:42:00","modified_gmt":"2026-08-14T09:42:00","slug":"corumda-meslektaslarimizla-bir-araya-geldik","status":"publish","type":"post","link":"https:\/\/www.tsyd.org.tr\/wp\/?p=24280","title":{"rendered":"\u00c7ORUM\u2019DA MESLEKTA\u015eLARIMIZLA B\u0130R ARAYA GELD\u0130K"},"content":{"rendered":"<p>T\u00fcrkiye Spor Yazarlar\u0131 Derne\u011fi (TSYD) Genel Merkez \u015eubeler Sorumlusu Kemal \u00c7a\u011flayan, S\u00fcper Lig heyecan\u0131 ya\u015famaya haz\u0131rlanan \u00c7orum\u2019da bir dizi kritik temas ve toplant\u0131 ger\u00e7ekle\u015ftirdi.<\/p>\n<p>ARCA \u00c7orum FK\u2019n\u0131n S\u00fcper Lig m\u00fccadelesini yak\u0131ndan takip edecek olan TSYD \u00fcyeleri ve yerel spor bas\u0131n\u0131 temsilcileriyle bir araya gelen \u00c7a\u011flayan, yeni sezonda izlenecek habercilik standartlar\u0131, akreditasyon s\u00fcre\u00e7leri ve sahalarda uyulmas\u0131 gereken mesleki kurallar hakk\u0131nda kapsaml\u0131 bilgilendirmelerde bulundu.<\/p>\n<p>\u00c7ORUM VAL\u0130S\u0130 AL\u0130 \u00c7ALGAN\u2019A Z\u0130YARET VE DESTEK TALEB\u0130<\/p>\n<p>\u00c7orum program\u0131 kapsam\u0131nda Vali Ali \u00c7algan\u2019\u0131 makam\u0131nda ziyaret eden Kemal \u00c7a\u011flayan, TSYD\u2019nin \u00fclke genelinde y\u00fcr\u00fctt\u00fc\u011f\u00fc faaliyetler ve \u00c7orum spor bas\u0131n\u0131n\u0131n mevcut durumu \u00fczerine g\u00f6r\u00fc\u015f al\u0131\u015fveri\u015finde bulundu.<\/p>\n<p>\u00c7a\u011flayan, yerel gazetecilerin sportif m\u00fcsabakalar\u0131 takip ederken sahada kar\u015f\u0131la\u015ft\u0131\u011f\u0131 zorluklara dikkat \u00e7ekerek, bas\u0131n mensuplar\u0131n\u0131n g\u00f6revlerini daha sa\u011fl\u0131kl\u0131 ve g\u00fcvenli ko\u015fullarda yapabilmeleri ad\u0131na Vali \u00c7algan\u2019dan destek istedi. Ziyaretten duydu\u011fu memnuniyeti dile getiren Vali Ali \u00c7algan ise TSYD heyetine \u00e7al\u0131\u015fmalar\u0131nda ba\u015far\u0131lar dileyerek spor bas\u0131n\u0131na her zaman destek vereceklerini belirtti.<\/p>\n<p>BASINLA TOPLANTI<\/p>\n<p>Makam ziyaretleri ve yerel gazete ziyaretlerinin ard\u0131ndan \u00c7a\u011flayan, TSYD \u00c7orum \u0130l Temsilcisi Selahattin Ezel ile birlikte yerel spor bas\u0131n\u0131n\u0131n yo\u011fun kat\u0131l\u0131m g\u00f6sterdi\u011fi bir bilgilendirme toplant\u0131s\u0131 d\u00fczenlendi. TSYD Genel Ba\u015fkan\u0131 \u00dcnal K\u0131l\u0131\u00e7arslan ve y\u00f6netim kurulu \u00fcyelerinin selam ve ba\u015far\u0131 dileklerini ileten  \u00c7a\u011flayan, s\u00fcper ligde  uyulmas\u0131 gereken kurallarla ilgili  meslekta\u015flar\u0131m\u0131zla  bilgi al\u0131\u015f veri\u015finde bulundu.<\/p>\n<p>Toplant\u0131da \u00f6ne \u00e7\u0131kan ba\u015fl\u0131klar:<\/p>\n<p>S\u00fcper Lig Bas\u0131n Standartlar\u0131: M\u00fcsabaka esnas\u0131nda ve sonras\u0131nda saha i\u00e7i, bas\u0131n trib\u00fcn\u00fc ve karma alanda (mixed zone) uyulmas\u0131 gereken akreditasyon Kurallar\u0131.<\/p>\n<p>Mesleki Etik ve \u0130\u015f Birli\u011fi: Gazetecilerin kar\u015f\u0131la\u015ft\u0131\u011f\u0131 teknik ve lojistik aksakl\u0131klar\u0131n \u00e7\u00f6z\u00fcm\u00fc i\u00e7in at\u0131lacak ad\u0131mlar.<\/p>\n<p>Kurumsal Koordinasyon: TSYD \u0130l Temsilcili\u011fi ile yerel bas\u0131n aras\u0131ndaki ileti\u015fimin g\u00fc\u00e7lendirilmesi.<\/p>\n<p>Toplant\u0131 sonunda meslekta\u015flar\u0131n\u0131n sorular\u0131n\u0131 cevaplayan \u00c7a\u011flayan, \u00c7orum spor bas\u0131n\u0131na yeni sezonda ba\u015far\u0131lar diledi.<\/p>\n<p><img loading=\"lazy\" decoding=\"async\" src=\"https:\/\/www.tsyd.org.tr\/wp\/wp-content\/uploads\/2026\/08\/WhatsApp-Image-2026-08-14-at-11.00.51-1-1.jpeg\" alt=\"\" width=\"1600\" height=\"1066\" class=\"aligncenter size-full wp-image-24282\" srcset=\"https:\/\/www.tsyd.org.tr\/wp\/wp-content\/uploads\/2026\/08\/WhatsApp-Image-2026-08-14-at-11.00.51-1-1.jpeg 1600w, https:\/\/www.tsyd.org.tr\/wp\/wp-content\/uploads\/2026\/08\/WhatsApp-Image-2026-08-14-at-11.00.51-1-1-300x200.jpeg 300w, https:\/\/www.tsyd.org.tr\/wp\/wp-content\/uploads\/2026\/08\/WhatsApp-Image-2026-08-14-at-11.00.51-1-1-1024x682.jpeg 1024w, https:\/\/www.tsyd.org.tr\/wp\/wp-content\/uploads\/2026\/08\/WhatsApp-Image-2026-08-14-at-11.00.51-1-1-768x512.jpeg 768w, https:\/\/www.tsyd.org.tr\/wp\/wp-content\/uploads\/2026\/08\/WhatsApp-Image-2026-08-14-at-11.00.51-1-1-1536x1023.jpeg 1536w, https:\/\/www.tsyd.org.tr\/wp\/wp-content\/uploads\/2026\/08\/WhatsApp-Image-2026-08-14-at-11.00.51-1-1-630x420.jpeg 630w, https:\/\/www.tsyd.org.tr\/wp\/wp-content\/uploads\/2026\/08\/WhatsApp-Image-2026-08-14-at-11.00.51-1-1-640x426.jpeg 640w, https:\/\/www.tsyd.org.tr\/wp\/wp-content\/uploads\/2026\/08\/WhatsApp-Image-2026-08-14-at-11.00.51-1-1-681x454.jpeg 681w\" sizes=\"auto, (max-width: 1600px) 100vw, 1600px\" \/><\/p>\n<p><img loading=\"lazy\" decoding=\"async\" src=\"https:\/\/www.tsyd.org.tr\/wp\/wp-content\/uploads\/2026\/08\/WhatsApp-Image-2026-08-14-at-11.00.51-2.jpeg\" alt=\"\" width=\"1600\" height=\"1200\" class=\"aligncenter size-full wp-image-24283\" srcset=\"https:\/\/www.tsyd.org.tr\/wp\/wp-content\/uploads\/2026\/08\/WhatsApp-Image-2026-08-14-at-11.00.51-2.jpeg 1600w, https:\/\/www.tsyd.org.tr\/wp\/wp-content\/uploads\/2026\/08\/WhatsApp-Image-2026-08-14-at-11.00.51-2-300x225.jpeg 300w, https:\/\/www.tsyd.org.tr\/wp\/wp-content\/uploads\/2026\/08\/WhatsApp-Image-2026-08-14-at-11.00.51-2-1024x768.jpeg 1024w, https:\/\/www.tsyd.org.tr\/wp\/wp-content\/uploads\/2026\/08\/WhatsApp-Image-2026-08-14-at-11.00.51-2-768x576.jpeg 768w, https:\/\/www.tsyd.org.tr\/wp\/wp-content\/uploads\/2026\/08\/WhatsApp-Image-2026-08-14-at-11.00.51-2-1536x1152.jpeg 1536w, https:\/\/www.tsyd.org.tr\/wp\/wp-content\/uploads\/2026\/08\/WhatsApp-Image-2026-08-14-at-11.00.51-2-560x420.jpeg 560w, https:\/\/www.tsyd.org.tr\/wp\/wp-content\/uploads\/2026\/08\/WhatsApp-Image-2026-08-14-at-11.00.51-2-80x60.jpeg 80w, https:\/\/www.tsyd.org.tr\/wp\/wp-content\/uploads\/2026\/08\/WhatsApp-Image-2026-08-14-at-11.00.51-2-100x75.jpeg 100w, https:\/\/www.tsyd.org.tr\/wp\/wp-content\/uploads\/2026\/08\/WhatsApp-Image-2026-08-14-at-11.00.51-2-180x135.jpeg 180w, https:\/\/www.tsyd.org.tr\/wp\/wp-content\/uploads\/2026\/08\/WhatsApp-Image-2026-08-14-at-11.00.51-2-238x178.jpeg 238w, https:\/\/www.tsyd.org.tr\/wp\/wp-content\/uploads\/2026\/08\/WhatsApp-Image-2026-08-14-at-11.00.51-2-640x480.jpeg 640w, https:\/\/www.tsyd.org.tr\/wp\/wp-content\/uploads\/2026\/08\/WhatsApp-Image-2026-08-14-at-11.00.51-2-681x511.jpeg 681w\" sizes=\"auto, (max-width: 1600px) 100vw, 1600px\" \/><\/p>\n<p><img loading=\"lazy\" decoding=\"async\" src=\"https:\/\/www.tsyd.org.tr\/wp\/wp-content\/uploads\/2026\/08\/WhatsApp-Image-2026-08-14-at-11.00.51-3.jpeg\" alt=\"\" width=\"1600\" height=\"1066\" class=\"aligncenter size-full wp-image-24284\" srcset=\"https:\/\/www.tsyd.org.tr\/wp\/wp-content\/uploads\/2026\/08\/WhatsApp-Image-2026-08-14-at-11.00.51-3.jpeg 1600w, https:\/\/www.tsyd.org.tr\/wp\/wp-content\/uploads\/2026\/08\/WhatsApp-Image-2026-08-14-at-11.00.51-3-300x200.jpeg 300w, https:\/\/www.tsyd.org.tr\/wp\/wp-content\/uploads\/2026\/08\/WhatsApp-Image-2026-08-14-at-11.00.51-3-1024x682.jpeg 1024w, https:\/\/www.tsyd.org.tr\/wp\/wp-content\/uploads\/2026\/08\/WhatsApp-Image-2026-08-14-at-11.00.51-3-768x512.jpeg 768w, https:\/\/www.tsyd.org.tr\/wp\/wp-content\/uploads\/2026\/08\/WhatsApp-Image-2026-08-14-at-11.00.51-3-1536x1023.jpeg 1536w, https:\/\/www.tsyd.org.tr\/wp\/wp-content\/uploads\/2026\/08\/WhatsApp-Image-2026-08-14-at-11.00.51-3-630x420.jpeg 630w, https:\/\/www.tsyd.org.tr\/wp\/wp-content\/uploads\/2026\/08\/WhatsApp-Image-2026-08-14-at-11.00.51-3-640x426.jpeg 640w, https:\/\/www.tsyd.org.tr\/wp\/wp-content\/uploads\/2026\/08\/WhatsApp-Image-2026-08-14-at-11.00.51-3-681x454.jpeg 681w\" sizes=\"auto, (max-width: 1600px) 100vw, 1600px\" \/><\/p>\n","protected":false},"excerpt":{"rendered":"<p>T\u00fcrkiye Spor Yazarlar\u0131 Derne\u011fi (TSYD) Genel Merkez \u015eubeler Sorumlusu Kemal \u00c7a\u011flayan, S\u00fcper Lig heyecan\u0131 ya\u015famaya haz\u0131rlanan \u00c7orum\u2019da bir dizi kritik temas ve toplant\u0131 ger\u00e7ekle\u015ftirdi. ARCA \u00c7orum FK\u2019n\u0131n S\u00fcper Lig m\u00fccadelesini yak\u0131ndan takip edecek olan TSYD \u00fcyeleri ve yerel spor bas\u0131n\u0131 temsilcileriyle bir araya gelen \u00c7a\u011flayan, yeni sezonda izlenecek habercilik standartlar\u0131, akreditasyon s\u00fcre\u00e7leri ve sahalarda uyulmas\u0131 [&hellip;]<\/p>\n","protected":false},"author":1,"featured_media":24285,"comment_status":"closed","ping_status":"closed","sticky":false,"template":"","format":"standard","meta":{"footnotes":""},"categories":[1],"tags":[],"class_list":["post-24280","post","type-post","status-publish","format-standard","has-post-thumbnail","hentry","category-genel"],"acf":[],"_links":{"self":[{"href":"https:\/\/www.tsyd.org.tr\/wp\/index.php?rest_route=\/wp\/v2\/posts\/24280","targetHints":{"allow":["GET"]}}],"collection":[{"href":"https:\/\/www.tsyd.org.tr\/wp\/index.php?rest_route=\/wp\/v2\/posts"}],"about":[{"href":"https:\/\/www.tsyd.org.tr\/wp\/index.php?rest_route=\/wp\/v2\/types\/post"}],"author":[{"embeddable":true,"href":"https:\/\/www.tsyd.org.tr\/wp\/index.php?rest_route=\/wp\/v2\/users\/1"}],"replies":[{"embeddable":true,"href":"https:\/\/www.tsyd.org.tr\/wp\/index.php?rest_route=%2Fwp%2Fv2%2Fcomments&post=24280"}],"version-history":[{"count":1,"href":"https:\/\/www.tsyd.org.tr\/wp\/index.php?rest_route=\/wp\/v2\/posts\/24280\/revisions"}],"predecessor-version":[{"id":24286,"href":"https:\/\/www.tsyd.org.tr\/wp\/index.php?rest_route=\/wp\/v2\/posts\/24280\/revisions\/24286"}],"wp:featuredmedia":[{"embeddable":true,"href":"https:\/\/www.tsyd.org.tr\/wp\/index.php?rest_route=\/wp\/v2\/media\/24285"}],"wp:attachment":[{"href":"https:\/\/www.tsyd.org.tr\/wp\/index.php?rest_route=%2Fwp%2Fv2%2Fmedia&parent=24280"}],"wp:term":[{"taxonomy":"category","embeddable":true,"href":"https:\/\/www.tsyd.org.tr\/wp\/index.php?rest_route=%2Fwp%2Fv2%2Fcategories&post=24280"},{"taxonomy":"post_tag","embeddable":true,"href":"https:\/\/www.tsyd.org.tr\/wp\/index.php?rest_route=%2Fwp%2Fv2%2Ftags&post=24280"}],"curies":[{"name":"wp","href":"https:\/\/api.w.org\/{rel}","templated":true}]}}