{"id":24287,"date":"2026-08-17T14:29:10","date_gmt":"2026-08-17T11:29:10","guid":{"rendered":"https:\/\/www.tsyd.org.tr\/wp\/?p=24287"},"modified":"2026-08-17T14:29:10","modified_gmt":"2026-08-17T11:29:10","slug":"mudur-ertemden-tsydye-ziyaret","status":"publish","type":"post","link":"https:\/\/www.tsyd.org.tr\/wp\/?p=24287","title":{"rendered":"M\u00fcd\u00fcr Ertem\u2019den TSYD\u2019ye Ziyaret"},"content":{"rendered":"<p>Sivas Gen\u00e7lik ve Spor \u0130l M\u00fcd\u00fcr\u00fc \u015eahin Ertem ve beraberindeki \u015fube m\u00fcd\u00fcrleri, T\u00fcrkiye Spor Yazarlar\u0131 Derne\u011fi (TSYD) Sivas \u015eubesi\u2019ni ziyaret ederek kent sporu ve yap\u0131lan yat\u0131r\u0131mlar \u00fczerine samimi bir sohbet ger\u00e7ekle\u015ftirdi.<\/p>\n<p>Ziyarette, TSYD Genel Merkez \u015eubeler Sorumlusu Kemal \u00c7a\u011flayan, TSYD Sivas \u015eube Ba\u015fkan\u0131 Ali Yavuz ile Y\u00f6netim Kurulu \u00dcyeleri Mustafa Ate\u015f, G\u00f6kt\u00fcrk F\u0131rat ve O\u011fuzhan Sarzep de haz\u0131r bulundu. Sivas sporu ve TSYD\u2019nin kentteki faaliyetlerinin detayl\u0131ca ele al\u0131nd\u0131\u011f\u0131 g\u00f6r\u00fc\u015fme, olduk\u00e7a s\u0131cak ve verimli bir atmosferde ger\u00e7ekle\u015fti.<\/p>\n<p>&#8220;S\u0130VAS SPORU \u0130\u00c7\u0130N GECE G\u00dcND\u00dcZ \u00c7ALI\u015eIYORUZ&#8221;<\/p>\n<p>G\u00f6r\u00fc\u015fmede g\u00f6reve ba\u015flad\u0131\u011f\u0131 g\u00fcnden itibaren hayata ge\u00e7irilen projeler ve y\u00fcr\u00fct\u00fclen \u00e7al\u0131\u015fmalar hakk\u0131nda bilgi veren Gen\u00e7lik ve Spor \u0130l M\u00fcd\u00fcr\u00fc \u015eahin Ertem, Sivas\u2019\u0131n bir spor \u015fehri olmas\u0131 yolunda emin ad\u0131mlarla ilerlediklerini belirtti. Ertem, tesisle\u015fmeden altyap\u0131ya, gen\u00e7lik faaliyetlerinden ulusal organizasyonlara kadar Sivas sporunu yukar\u0131lara ta\u015f\u0131mak ad\u0131na ekibiyle birlikte yo\u011fun bir mesai harcad\u0131klar\u0131n\u0131 vurgulad\u0131.<\/p>\n<p>TSYD&#8217;DEN TE\u015eEKK\u00dcR VE \u0130\u015e B\u0130RL\u0130\u011e\u0130 VURGUSU<\/p>\n<p>Ziyaretten duydu\u011fu memnuniyeti dile getiren TSYD Genel Merkez \u015eubeler Sorumlusu Kemal \u00c7a\u011flayan ise derne\u011fin T\u00fcrkiye genelindeki mevcut \u00e7al\u0131\u015fmalar\u0131 ve hedefleri hakk\u0131nda payla\u015f\u0131mlarda bulundu. Spor medyas\u0131n\u0131n, spora yap\u0131lan yat\u0131r\u0131mlar\u0131n kamuoyuna aktar\u0131lmas\u0131ndaki \u00f6nemine de\u011finen \u00c7a\u011flayan, \u0130l M\u00fcd\u00fcr\u00fc Ertem ve heyetine nazik ziyaretleri i\u00e7in te\u015fekk\u00fcr ederek \u00e7al\u0131\u015fmalar\u0131nda ba\u015far\u0131lar diledi.<\/p>\n<p>Ziyaret, Sivas sporunun geli\u015fimi i\u00e7in kurumlar aras\u0131 i\u015f birli\u011finin ve ileti\u015fimin artarak devam etmesi temennileriyle, hat\u0131ra foto\u011fraf\u0131 \u00e7ekiminin ard\u0131ndan sona erdi.<\/p>\n<p><img loading=\"lazy\" decoding=\"async\" src=\"https:\/\/www.tsyd.org.tr\/wp\/wp-content\/uploads\/2026\/08\/WhatsApp-Image-2026-08-17-at-14.05.20.jpeg\" alt=\"\" width=\"1600\" height=\"1142\" class=\"aligncenter size-full wp-image-24289\" srcset=\"https:\/\/www.tsyd.org.tr\/wp\/wp-content\/uploads\/2026\/08\/WhatsApp-Image-2026-08-17-at-14.05.20.jpeg 1600w, https:\/\/www.tsyd.org.tr\/wp\/wp-content\/uploads\/2026\/08\/WhatsApp-Image-2026-08-17-at-14.05.20-300x214.jpeg 300w, https:\/\/www.tsyd.org.tr\/wp\/wp-content\/uploads\/2026\/08\/WhatsApp-Image-2026-08-17-at-14.05.20-1024x731.jpeg 1024w, https:\/\/www.tsyd.org.tr\/wp\/wp-content\/uploads\/2026\/08\/WhatsApp-Image-2026-08-17-at-14.05.20-768x548.jpeg 768w, https:\/\/www.tsyd.org.tr\/wp\/wp-content\/uploads\/2026\/08\/WhatsApp-Image-2026-08-17-at-14.05.20-1536x1096.jpeg 1536w, https:\/\/www.tsyd.org.tr\/wp\/wp-content\/uploads\/2026\/08\/WhatsApp-Image-2026-08-17-at-14.05.20-588x420.jpeg 588w, https:\/\/www.tsyd.org.tr\/wp\/wp-content\/uploads\/2026\/08\/WhatsApp-Image-2026-08-17-at-14.05.20-640x457.jpeg 640w, https:\/\/www.tsyd.org.tr\/wp\/wp-content\/uploads\/2026\/08\/WhatsApp-Image-2026-08-17-at-14.05.20-681x486.jpeg 681w\" sizes=\"auto, (max-width: 1600px) 100vw, 1600px\" \/><\/p>\n","protected":false},"excerpt":{"rendered":"<p>Sivas Gen\u00e7lik ve Spor \u0130l M\u00fcd\u00fcr\u00fc \u015eahin Ertem ve beraberindeki \u015fube m\u00fcd\u00fcrleri, T\u00fcrkiye Spor Yazarlar\u0131 Derne\u011fi (TSYD) Sivas \u015eubesi\u2019ni ziyaret ederek kent sporu ve yap\u0131lan yat\u0131r\u0131mlar \u00fczerine samimi bir sohbet ger\u00e7ekle\u015ftirdi. Ziyarette, TSYD Genel Merkez \u015eubeler Sorumlusu Kemal \u00c7a\u011flayan, TSYD Sivas \u015eube Ba\u015fkan\u0131 Ali Yavuz ile Y\u00f6netim Kurulu \u00dcyeleri Mustafa Ate\u015f, G\u00f6kt\u00fcrk F\u0131rat ve O\u011fuzhan [&hellip;]<\/p>\n","protected":false},"author":1,"featured_media":24289,"comment_status":"closed","ping_status":"closed","sticky":false,"template":"","format":"standard","meta":{"footnotes":""},"categories":[1],"tags":[],"class_list":["post-24287","post","type-post","status-publish","format-standard","has-post-thumbnail","hentry","category-genel"],"acf":[],"_links":{"self":[{"href":"https:\/\/www.tsyd.org.tr\/wp\/index.php?rest_route=\/wp\/v2\/posts\/24287","targetHints":{"allow":["GET"]}}],"collection":[{"href":"https:\/\/www.tsyd.org.tr\/wp\/index.php?rest_route=\/wp\/v2\/posts"}],"about":[{"href":"https:\/\/www.tsyd.org.tr\/wp\/index.php?rest_route=\/wp\/v2\/types\/post"}],"author":[{"embeddable":true,"href":"https:\/\/www.tsyd.org.tr\/wp\/index.php?rest_route=\/wp\/v2\/users\/1"}],"replies":[{"embeddable":true,"href":"https:\/\/www.tsyd.org.tr\/wp\/index.php?rest_route=%2Fwp%2Fv2%2Fcomments&post=24287"}],"version-history":[{"count":1,"href":"https:\/\/www.tsyd.org.tr\/wp\/index.php?rest_route=\/wp\/v2\/posts\/24287\/revisions"}],"predecessor-version":[{"id":24290,"href":"https:\/\/www.tsyd.org.tr\/wp\/index.php?rest_route=\/wp\/v2\/posts\/24287\/revisions\/24290"}],"wp:featuredmedia":[{"embeddable":true,"href":"https:\/\/www.tsyd.org.tr\/wp\/index.php?rest_route=\/wp\/v2\/media\/24289"}],"wp:attachment":[{"href":"https:\/\/www.tsyd.org.tr\/wp\/index.php?rest_route=%2Fwp%2Fv2%2Fmedia&parent=24287"}],"wp:term":[{"taxonomy":"category","embeddable":true,"href":"https:\/\/www.tsyd.org.tr\/wp\/index.php?rest_route=%2Fwp%2Fv2%2Fcategories&post=24287"},{"taxonomy":"post_tag","embeddable":true,"href":"https:\/\/www.tsyd.org.tr\/wp\/index.php?rest_route=%2Fwp%2Fv2%2Ftags&post=24287"}],"curies":[{"name":"wp","href":"https:\/\/api.w.org\/{rel}","templated":true}]}}